{"id":19486,"date":"2013-08-08T11:15:36","date_gmt":"2013-08-08T14:15:36","guid":{"rendered":"http:\/\/www.elkindeco.com\/web\/?p=19486"},"modified":"2013-08-08T11:15:37","modified_gmt":"2013-08-08T14:15:37","slug":"figura-de-alabastro-motivo-arlequin","status":"publish","type":"post","link":"http:\/\/www.elkindeco.com\/?p=19486","title":{"rendered":"Figura De Alabastro Motivo Arlequin"},"content":{"rendered":"<p><a href=\"http:\/\/www.elkindeco.com\/web\/wp-content\/uploads\/2013\/08\/7146-2914_1.jpg\"><img loading=\"lazy\" decoding=\"async\" title=\"7146-2914_1\" style=\"border-top: 0px; border-right: 0px; background-image: none; border-bottom: 0px; padding-top: 0px; padding-left: 0px; border-left: 0px; display: inline; padding-right: 0px\" border=\"0\" alt=\"7146-2914_1\" src=\"http:\/\/www.elkindeco.com\/web\/wp-content\/uploads\/2013\/08\/7146-2914_1_thumb.jpg\" width=\"720\" height=\"480\" \/><\/a><\/p>\n<p><a href=\"http:\/\/www.elkindeco.com\/web\/wp-content\/uploads\/2013\/08\/7146-2914.jpg\"><img loading=\"lazy\" decoding=\"async\" title=\"7146-2914\" style=\"border-top: 0px; border-right: 0px; background-image: none; border-bottom: 0px; padding-top: 0px; padding-left: 0px; border-left: 0px; display: inline; padding-right: 0px\" border=\"0\" alt=\"7146-2914\" src=\"http:\/\/www.elkindeco.com\/web\/wp-content\/uploads\/2013\/08\/7146-2914_thumb.jpg\" width=\"540\" height=\"810\" \/><\/a><\/p>\n<p><a href=\"http:\/\/www.elkindeco.com\/web\/wp-content\/uploads\/2013\/08\/7146-2914_2.jpg\"><img loading=\"lazy\" decoding=\"async\" title=\"7146-2914_2\" style=\"border-top: 0px; border-right: 0px; background-image: none; border-bottom: 0px; padding-top: 0px; padding-left: 0px; margin: 0px; border-left: 0px; display: inline; padding-right: 0px\" border=\"0\" alt=\"7146-2914_2\" src=\"http:\/\/www.elkindeco.com\/web\/wp-content\/uploads\/2013\/08\/7146-2914_2_thumb.jpg\" width=\"720\" height=\"480\" \/><\/a><\/p>\n<p><a href=\"http:\/\/www.elkindeco.com\/web\/wp-content\/uploads\/2013\/08\/7146-2914_3.jpg\"><img loading=\"lazy\" decoding=\"async\" title=\"7146-2914_3\" style=\"border-top: 0px; border-right: 0px; background-image: none; border-bottom: 0px; padding-top: 0px; padding-left: 0px; margin: 0px; border-left: 0px; display: inline; padding-right: 0px\" border=\"0\" alt=\"7146-2914_3\" src=\"http:\/\/www.elkindeco.com\/web\/wp-content\/uploads\/2013\/08\/7146-2914_3_thumb.jpg\" width=\"480\" height=\"720\" \/><\/a><\/p>\n<p><a href=\"http:\/\/www.elkindeco.com\/web\/wp-content\/uploads\/2013\/08\/7146-2914_4.jpg\"><img loading=\"lazy\" decoding=\"async\" title=\"7146-2914_4\" style=\"border-top: 0px; border-right: 0px; background-image: none; border-bottom: 0px; padding-top: 0px; padding-left: 0px; border-left: 0px; display: inline; padding-right: 0px\" border=\"0\" alt=\"7146-2914_4\" src=\"http:\/\/www.elkindeco.com\/web\/wp-content\/uploads\/2013\/08\/7146-2914_4_thumb.jpg\" width=\"720\" height=\"480\" \/><\/a><\/p>\n<p>&#160;<\/p>\n<table cellspacing=\"4\" cellpadding=\"4\" width=\"600\" bgcolor=\"#a9c5b7\" border=\"0\">\n<tbody>\n<tr>\n<td>\n<p align=\"justify\"><font size=\"5\">Espectacular figura de alabastro motivo arlequ\u00edn<\/font><\/p>\n<p align=\"justify\"><font size=\"5\">Es ideal para decorar de forma \u00fanica cualquier ambiente de su hogar<\/font><\/p>\n<\/td>\n<\/tr>\n<\/tbody>\n<\/table>\n<table bordercolordark=\"#ffffff\" cellpadding=\"2\" width=\"1\" bgcolor=\"#ffffff\" bordercolorlight=\"#ffffff\" border=\"0\">\n<tbody>\n<tr>\n<td>&#160;<\/td>\n<\/tr>\n<\/tbody>\n<\/table>\n<table cellspacing=\"3\" cellpadding=\"3\" width=\"240\" bgcolor=\"#dfe9a0\" border=\"0\">\n<tbody>\n<tr>\n<td><font size=\"4\"><b>MEDIDAS<\/b><\/font><\/td>\n<\/tr>\n<tr>\n<td>\n<table cellspacing=\"0\" cellpadding=\"0\" width=\"100%\" border=\"0\">\n<tbody>\n<tr>\n<td width=\"152\"><font size=\"4\">ALTO<\/font><\/td>\n<td width=\"76\"><font size=\"4\">63cm<\/font><\/td>\n<\/tr>\n<tr>\n<td><font size=\"4\">ANCHO<\/font><\/td>\n<td><font size=\"4\">28cm<\/font><\/td>\n<\/tr>\n<tr>\n<td><font size=\"4\">PROFUNDIDAD<\/font><\/td>\n<td><font size=\"4\">22cm<\/font><\/td>\n<\/tr>\n<\/tbody>\n<\/table>\n<\/td>\n<\/tr>\n<\/tbody>\n<\/table>\n<table bordercolordark=\"#ffffff\" cellpadding=\"2\" width=\"1\" bgcolor=\"#ffffff\" bordercolorlight=\"#ffffff\" border=\"0\">\n<tbody>\n<tr>\n<td>&#160;<\/td>\n<\/tr>\n<\/tbody>\n<\/table>\n<table cellspacing=\"1\" width=\"225\" bgcolor=\"#c7d69d\" border=\"0\">\n<tbody>\n<tr>\n<td><b><font size=\"4\">C\u00d3DIGO: 7146-2914<\/font><\/b><\/td>\n<\/tr>\n<\/tbody>\n<\/table>\n","protected":false},"excerpt":{"rendered":"<p>&#160; Espectacular figura de alabastro motivo arlequ\u00edn Es ideal para decorar de forma \u00fanica cualquier ambiente de su hogar &#160; MEDIDAS ALTO 63cm ANCHO 28cm PROFUNDIDAD 22cm &#160; C\u00d3DIGO: 7146-2914<\/p>\n","protected":false},"author":1,"featured_media":19476,"comment_status":"open","ping_status":"open","sticky":false,"template":"","format":"standard","meta":{"footnotes":""},"categories":[17],"tags":[],"class_list":["post-19486","post","type-post","status-publish","format-standard","has-post-thumbnail","hentry","category-objetos-de-decoracion"],"_links":{"self":[{"href":"http:\/\/www.elkindeco.com\/index.php?rest_route=\/wp\/v2\/posts\/19486","targetHints":{"allow":["GET"]}}],"collection":[{"href":"http:\/\/www.elkindeco.com\/index.php?rest_route=\/wp\/v2\/posts"}],"about":[{"href":"http:\/\/www.elkindeco.com\/index.php?rest_route=\/wp\/v2\/types\/post"}],"author":[{"embeddable":true,"href":"http:\/\/www.elkindeco.com\/index.php?rest_route=\/wp\/v2\/users\/1"}],"replies":[{"embeddable":true,"href":"http:\/\/www.elkindeco.com\/index.php?rest_route=%2Fwp%2Fv2%2Fcomments&post=19486"}],"version-history":[{"count":0,"href":"http:\/\/www.elkindeco.com\/index.php?rest_route=\/wp\/v2\/posts\/19486\/revisions"}],"wp:featuredmedia":[{"embeddable":true,"href":"http:\/\/www.elkindeco.com\/index.php?rest_route=\/wp\/v2\/media\/19476"}],"wp:attachment":[{"href":"http:\/\/www.elkindeco.com\/index.php?rest_route=%2Fwp%2Fv2%2Fmedia&parent=19486"}],"wp:term":[{"taxonomy":"category","embeddable":true,"href":"http:\/\/www.elkindeco.com\/index.php?rest_route=%2Fwp%2Fv2%2Fcategories&post=19486"},{"taxonomy":"post_tag","embeddable":true,"href":"http:\/\/www.elkindeco.com\/index.php?rest_route=%2Fwp%2Fv2%2Ftags&post=19486"}],"curies":[{"name":"wp","href":"https:\/\/api.w.org\/{rel}","templated":true}]}}