{"id":21890,"date":"2014-02-17T12:45:37","date_gmt":"2014-02-17T15:45:37","guid":{"rendered":"http:\/\/www.elkindeco.com\/web\/?p=21890"},"modified":"2014-02-17T12:46:46","modified_gmt":"2014-02-17T15:46:46","slug":"cama-estilo-frances-luis-xvi-de-2-plazas-5","status":"publish","type":"post","link":"http:\/\/www.elkindeco.com\/?p=21890","title":{"rendered":"Cama Estilo Frances Luis Xvi De 2 Plazas"},"content":{"rendered":"<p><a href=\"http:\/\/www.elkindeco.com\/web\/wp-content\/uploads\/2014\/02\/8080-3546.jpg\"><img loading=\"lazy\" decoding=\"async\" style=\"background-image: none; padding-top: 0px; padding-left: 0px; margin: 0px; display: inline; padding-right: 0px; border: 0px;\" title=\"8080-3546\" alt=\"8080-3546\" src=\"http:\/\/www.elkindeco.com\/web\/wp-content\/uploads\/2014\/02\/8080-3546_thumb.jpg\" width=\"720\" height=\"480\" border=\"0\" \/><\/a><\/p>\n<p><a href=\"http:\/\/www.elkindeco.com\/web\/wp-content\/uploads\/2014\/02\/8080-3546_1.jpg\"><img loading=\"lazy\" decoding=\"async\" style=\"background-image: none; padding-top: 0px; padding-left: 0px; margin: 0px; display: inline; padding-right: 0px; border: 0px;\" title=\"8080-3546_1\" alt=\"8080-3546_1\" src=\"http:\/\/www.elkindeco.com\/web\/wp-content\/uploads\/2014\/02\/8080-3546_1_thumb.jpg\" width=\"720\" height=\"480\" border=\"0\" \/><\/a><\/p>\n<p><a href=\"http:\/\/www.elkindeco.com\/web\/wp-content\/uploads\/2014\/02\/8080-3546_2.jpg\"><img loading=\"lazy\" decoding=\"async\" style=\"background-image: none; padding-top: 0px; padding-left: 0px; display: inline; padding-right: 0px; border: 0px;\" title=\"8080-3546_2\" alt=\"8080-3546_2\" src=\"http:\/\/www.elkindeco.com\/web\/wp-content\/uploads\/2014\/02\/8080-3546_2_thumb.jpg\" width=\"720\" height=\"480\" border=\"0\" \/><\/a><\/p>\n<p>&nbsp;<\/p>\n<table width=\"600\" border=\"0\" cellspacing=\"4\" cellpadding=\"4\" bgcolor=\"#a9c5b7\">\n<tbody>\n<tr>\n<td>\u00a0Espectacular antigua cama estilo franc\u00e9s Luis XVI de 2 plazas<\/p>\n<p align=\"justify\">De calidad excepcional, es ideal para embellecer de forma \u00fanica su dormitorio<\/p>\n<p align=\"justify\">Se entrega completa, con los largueros y la parrilla de madera<\/p>\n<p>TAMBI\u00c9N PATINAMOS! Consulte por todo tipo de p\u00e1tinas (blanco, negro, hueso, decap\u00e9, etc)<\/td>\n<\/tr>\n<\/tbody>\n<\/table>\n<table width=\"1\" border=\"0\" cellpadding=\"2\" bgcolor=\"#ffffff\">\n<tbody>\n<tr>\n<td><\/td>\n<\/tr>\n<\/tbody>\n<\/table>\n<table width=\"240\" border=\"0\" cellspacing=\"3\" cellpadding=\"3\" bgcolor=\"#dfe9a0\">\n<tbody>\n<tr>\n<td><span style=\"font-size: large;\"><b>MEDIDAS<\/b><\/span><\/td>\n<\/tr>\n<tr>\n<td>\n<table width=\"100%\" border=\"0\" cellspacing=\"0\" cellpadding=\"0\">\n<tbody>\n<tr>\n<td width=\"152\"><span style=\"font-size: large;\">ALTO<\/span><\/td>\n<td width=\"76\">\u00a0123cm<\/td>\n<\/tr>\n<tr>\n<td><span style=\"font-size: large;\">ANCHO<\/span><\/td>\n<td>\u00a0151cm<\/td>\n<\/tr>\n<tr>\n<td><span style=\"font-size: large;\">COLCH\u00d3N<\/span><\/td>\n<td>\u00a0140cm<\/td>\n<\/tr>\n<\/tbody>\n<\/table>\n<\/td>\n<\/tr>\n<\/tbody>\n<\/table>\n<table width=\"1\" border=\"0\" cellpadding=\"2\" bgcolor=\"#ffffff\">\n<tbody>\n<tr>\n<td><\/td>\n<\/tr>\n<\/tbody>\n<\/table>\n<table width=\"225\" border=\"0\" cellspacing=\"1\" bgcolor=\"#c7d69d\">\n<tbody>\n<tr>\n<td><b><span style=\"font-size: large;\">C\u00d3DIGO: <b>8080-3546<\/b><\/span><\/b><\/td>\n<\/tr>\n<\/tbody>\n<\/table>\n","protected":false},"excerpt":{"rendered":"<p>&nbsp; \u00a0Espectacular antigua cama estilo franc\u00e9s Luis XVI de 2 plazas De calidad excepcional, es ideal para embellecer de forma \u00fanica su dormitorio Se entrega completa, con los largueros y la parrilla de madera TAMBI\u00c9N PATINAMOS! Consulte por todo tipo de p\u00e1tinas (blanco, negro, hueso, decap\u00e9, etc) MEDIDAS ALTO \u00a0123cm ANCHO \u00a0151cm COLCH\u00d3N \u00a0140cm C\u00d3DIGO: [&hellip;]<\/p>\n","protected":false},"author":1,"featured_media":21884,"comment_status":"open","ping_status":"open","sticky":false,"template":"","format":"standard","meta":{"footnotes":""},"categories":[6],"tags":[],"class_list":["post-21890","post","type-post","status-publish","format-standard","has-post-thumbnail","hentry","category-camas"],"_links":{"self":[{"href":"http:\/\/www.elkindeco.com\/index.php?rest_route=\/wp\/v2\/posts\/21890","targetHints":{"allow":["GET"]}}],"collection":[{"href":"http:\/\/www.elkindeco.com\/index.php?rest_route=\/wp\/v2\/posts"}],"about":[{"href":"http:\/\/www.elkindeco.com\/index.php?rest_route=\/wp\/v2\/types\/post"}],"author":[{"embeddable":true,"href":"http:\/\/www.elkindeco.com\/index.php?rest_route=\/wp\/v2\/users\/1"}],"replies":[{"embeddable":true,"href":"http:\/\/www.elkindeco.com\/index.php?rest_route=%2Fwp%2Fv2%2Fcomments&post=21890"}],"version-history":[{"count":0,"href":"http:\/\/www.elkindeco.com\/index.php?rest_route=\/wp\/v2\/posts\/21890\/revisions"}],"wp:featuredmedia":[{"embeddable":true,"href":"http:\/\/www.elkindeco.com\/index.php?rest_route=\/wp\/v2\/media\/21884"}],"wp:attachment":[{"href":"http:\/\/www.elkindeco.com\/index.php?rest_route=%2Fwp%2Fv2%2Fmedia&parent=21890"}],"wp:term":[{"taxonomy":"category","embeddable":true,"href":"http:\/\/www.elkindeco.com\/index.php?rest_route=%2Fwp%2Fv2%2Fcategories&post=21890"},{"taxonomy":"post_tag","embeddable":true,"href":"http:\/\/www.elkindeco.com\/index.php?rest_route=%2Fwp%2Fv2%2Ftags&post=21890"}],"curies":[{"name":"wp","href":"https:\/\/api.w.org\/{rel}","templated":true}]}}