{"id":24108,"date":"2014-12-10T12:52:15","date_gmt":"2014-12-10T15:52:15","guid":{"rendered":"http:\/\/www.elkindeco.com\/web\/?p=24108"},"modified":"2014-12-10T12:52:15","modified_gmt":"2014-12-10T15:52:15","slug":"mesa-de-luz-estilo-frances-luis-xvi-marmol-11","status":"publish","type":"post","link":"http:\/\/www.elkindeco.com\/?p=24108","title":{"rendered":"Mesa De Luz Estilo Frances Luis Xvi Marmol"},"content":{"rendered":"<p><img loading=\"lazy\" decoding=\"async\" class=\"alignnone size-full wp-image-24109\" src=\"http:\/\/www.elkindeco.com\/web\/wp-content\/uploads\/2014\/12\/7170-7780.jpg\" alt=\"7170-7780\" width=\"720\" height=\"480\" srcset=\"http:\/\/www.elkindeco.com\/web\/wp-content\/uploads\/2014\/12\/7170-7780.jpg 720w, http:\/\/www.elkindeco.com\/web\/wp-content\/uploads\/2014\/12\/7170-7780-196x131.jpg 196w\" sizes=\"auto, (max-width: 720px) 100vw, 720px\" \/> <img loading=\"lazy\" decoding=\"async\" class=\"alignnone size-full wp-image-24110\" src=\"http:\/\/www.elkindeco.com\/web\/wp-content\/uploads\/2014\/12\/7170-7780_1.jpg\" alt=\"7170-7780_1\" width=\"720\" height=\"480\" srcset=\"http:\/\/www.elkindeco.com\/web\/wp-content\/uploads\/2014\/12\/7170-7780_1.jpg 720w, http:\/\/www.elkindeco.com\/web\/wp-content\/uploads\/2014\/12\/7170-7780_1-196x131.jpg 196w\" sizes=\"auto, (max-width: 720px) 100vw, 720px\" \/><\/p>\n<p><img loading=\"lazy\" decoding=\"async\" class=\"alignnone size-full wp-image-24112\" src=\"http:\/\/www.elkindeco.com\/web\/wp-content\/uploads\/2014\/12\/7170-7780_2.jpg\" alt=\"7170-7780_2\" width=\"320\" height=\"480\" srcset=\"http:\/\/www.elkindeco.com\/web\/wp-content\/uploads\/2014\/12\/7170-7780_2.jpg 320w, http:\/\/www.elkindeco.com\/web\/wp-content\/uploads\/2014\/12\/7170-7780_2-87x131.jpg 87w\" sizes=\"auto, (max-width: 320px) 100vw, 320px\" \/><\/p>\n<p>&nbsp;<\/p>\n<table border=\"0\" width=\"600\" cellspacing=\"4\" cellpadding=\"4\" bgcolor=\"#A9C5B7\">\n<tbody>\n<tr>\n<td><span style=\"font-size: x-large;\">Espectacular mesa de luz estilo franc\u00e9s Luis XVI con tapa de m\u00e1rmol patinada<\/p>\n<p>Es ideal para embellecer de forma \u00fanica su dormitorio<\/span><\/td>\n<\/tr>\n<\/tbody>\n<\/table>\n<p>&nbsp;<\/p>\n<table border=\"0\" width=\"280\" cellspacing=\"4\" cellpadding=\"4\" bgcolor=\"#DFE9A0\">\n<tbody>\n<tr>\n<td width=\"120\"><b><span style=\"font-size: large;\">MEDIDAS<\/span><\/b><\/td>\n<td><\/td>\n<\/tr>\n<tr>\n<td width=\"120\"><span style=\"font-size: large;\">ALTO<\/span><\/td>\n<td><span style=\"font-size: large;\">65cm<\/span><\/td>\n<\/tr>\n<tr>\n<td width=\"120\"><span style=\"font-size: large;\">ANCHO<\/span><\/td>\n<td><span style=\"font-size: large;\">50cm<\/span><\/td>\n<\/tr>\n<tr>\n<td width=\"120\"><span style=\"font-size: large;\">PROFUNDIDAD<\/span><\/td>\n<td><span style=\"font-size: large;\">32cm<\/span><\/td>\n<\/tr>\n<\/tbody>\n<\/table>\n<p>&nbsp;<\/p>\n<table border=\"0\" width=\"280\" cellspacing=\"4\" cellpadding=\"4\" bgcolor=\"#C7D69D\">\n<tbody>\n<tr>\n<td width=\"90\"><b><span style=\"font-size: large;\">C\u00d3DIGO:<\/span><\/b><\/td>\n<td><b><span style=\"font-size: large;\">7170-7780<\/span><\/b><\/td>\n<\/tr>\n<\/tbody>\n<\/table>\n<p>&nbsp;<\/p>\n<p>&nbsp;<\/p>\n","protected":false},"excerpt":{"rendered":"<p>&nbsp; Espectacular mesa de luz estilo franc\u00e9s Luis XVI con tapa de m\u00e1rmol patinada Es ideal para embellecer de forma \u00fanica su dormitorio &nbsp; MEDIDAS ALTO 65cm ANCHO 50cm PROFUNDIDAD 32cm &nbsp; C\u00d3DIGO: 7170-7780 &nbsp; &nbsp;<\/p>\n","protected":false},"author":1,"featured_media":24109,"comment_status":"open","ping_status":"open","sticky":false,"template":"","format":"standard","meta":{"footnotes":""},"categories":[25],"tags":[],"class_list":["post-24108","post","type-post","status-publish","format-standard","has-post-thumbnail","hentry","category-mesas-de-luz"],"_links":{"self":[{"href":"http:\/\/www.elkindeco.com\/index.php?rest_route=\/wp\/v2\/posts\/24108","targetHints":{"allow":["GET"]}}],"collection":[{"href":"http:\/\/www.elkindeco.com\/index.php?rest_route=\/wp\/v2\/posts"}],"about":[{"href":"http:\/\/www.elkindeco.com\/index.php?rest_route=\/wp\/v2\/types\/post"}],"author":[{"embeddable":true,"href":"http:\/\/www.elkindeco.com\/index.php?rest_route=\/wp\/v2\/users\/1"}],"replies":[{"embeddable":true,"href":"http:\/\/www.elkindeco.com\/index.php?rest_route=%2Fwp%2Fv2%2Fcomments&post=24108"}],"version-history":[{"count":0,"href":"http:\/\/www.elkindeco.com\/index.php?rest_route=\/wp\/v2\/posts\/24108\/revisions"}],"wp:featuredmedia":[{"embeddable":true,"href":"http:\/\/www.elkindeco.com\/index.php?rest_route=\/wp\/v2\/media\/24109"}],"wp:attachment":[{"href":"http:\/\/www.elkindeco.com\/index.php?rest_route=%2Fwp%2Fv2%2Fmedia&parent=24108"}],"wp:term":[{"taxonomy":"category","embeddable":true,"href":"http:\/\/www.elkindeco.com\/index.php?rest_route=%2Fwp%2Fv2%2Fcategories&post=24108"},{"taxonomy":"post_tag","embeddable":true,"href":"http:\/\/www.elkindeco.com\/index.php?rest_route=%2Fwp%2Fv2%2Ftags&post=24108"}],"curies":[{"name":"wp","href":"https:\/\/api.w.org\/{rel}","templated":true}]}}