{"id":24219,"date":"2015-01-05T12:24:29","date_gmt":"2015-01-05T15:24:29","guid":{"rendered":"http:\/\/www.elkindeco.com\/web\/?p=24219"},"modified":"2015-01-05T12:24:29","modified_gmt":"2015-01-05T15:24:29","slug":"mesa-de-sala-o-costado-de-sofa-frances-luis-xvi","status":"publish","type":"post","link":"http:\/\/www.elkindeco.com\/?p=24219","title":{"rendered":"Mesa De Sala O Costado De Sofa Frances Luis XVI"},"content":{"rendered":"<p><img loading=\"lazy\" decoding=\"async\" class=\"alignnone size-full wp-image-24220\" src=\"http:\/\/www.elkindeco.com\/web\/wp-content\/uploads\/2015\/01\/8093-3779.jpg\" alt=\"8093-3779\" width=\"720\" height=\"480\" srcset=\"http:\/\/www.elkindeco.com\/web\/wp-content\/uploads\/2015\/01\/8093-3779.jpg 720w, http:\/\/www.elkindeco.com\/web\/wp-content\/uploads\/2015\/01\/8093-3779-196x131.jpg 196w\" sizes=\"auto, (max-width: 720px) 100vw, 720px\" \/> <img loading=\"lazy\" decoding=\"async\" class=\"alignnone size-full wp-image-24221\" src=\"http:\/\/www.elkindeco.com\/web\/wp-content\/uploads\/2015\/01\/8093-3779_1.jpg\" alt=\"8093-3779_1\" width=\"720\" height=\"480\" srcset=\"http:\/\/www.elkindeco.com\/web\/wp-content\/uploads\/2015\/01\/8093-3779_1.jpg 720w, http:\/\/www.elkindeco.com\/web\/wp-content\/uploads\/2015\/01\/8093-3779_1-196x131.jpg 196w\" sizes=\"auto, (max-width: 720px) 100vw, 720px\" \/><\/p>\n<p>&nbsp;<\/p>\n<table border=\"0\" width=\"600\" cellspacing=\"4\" cellpadding=\"4\" bgcolor=\"#A9C5B7\">\n<tbody>\n<tr>\n<td><span style=\"font-size: x-large;\">Espectacular mesa de sala o costado estilo franc\u00e9s Luis XVI con tapa de m\u00e1rmol<\/p>\n<p>Es ideal para colocar en cualquier ambiente de su hogar<\/p>\n<p>Posee tapa de m\u00e1rmol y regatones de bronce en las patas<\/span><\/td>\n<\/tr>\n<\/tbody>\n<\/table>\n<p>&nbsp;<\/p>\n<table border=\"0\" width=\"280\" cellspacing=\"4\" cellpadding=\"4\" bgcolor=\"#DFE9A0\">\n<tbody>\n<tr>\n<td width=\"120\"><b><span style=\"font-size: large;\">MEDIDAS<\/span><\/b><\/td>\n<td><\/td>\n<\/tr>\n<tr>\n<td width=\"120\"><span style=\"font-size: large;\">ALTO<\/span><\/td>\n<td><span style=\"font-size: large;\">63cm<\/span><\/td>\n<\/tr>\n<tr>\n<td width=\"120\"><span style=\"font-size: large;\">ANCHO<\/span><\/td>\n<td><span style=\"font-size: large;\">51cm<\/span><\/td>\n<\/tr>\n<tr>\n<td width=\"120\"><span style=\"font-size: large;\">PROFUNDIDAD<\/span><\/td>\n<td><span style=\"font-size: large;\">51cm<\/span><\/td>\n<\/tr>\n<\/tbody>\n<\/table>\n<p>&nbsp;<\/p>\n<table border=\"0\" width=\"280\" cellspacing=\"4\" cellpadding=\"4\" bgcolor=\"#C7D69D\">\n<tbody>\n<tr>\n<td width=\"90\"><b><span style=\"font-size: large;\">C\u00d3DIGO:<\/span><\/b><\/td>\n<td><b><span style=\"font-size: large;\">8093-3779<\/span><\/b><\/td>\n<\/tr>\n<\/tbody>\n<\/table>\n","protected":false},"excerpt":{"rendered":"<p>&nbsp; Espectacular mesa de sala o costado estilo franc\u00e9s Luis XVI con tapa de m\u00e1rmol Es ideal para colocar en cualquier ambiente de su hogar Posee tapa de m\u00e1rmol y regatones de bronce en las patas &nbsp; MEDIDAS ALTO 63cm ANCHO 51cm PROFUNDIDAD 51cm &nbsp; C\u00d3DIGO: 8093-3779<\/p>\n","protected":false},"author":1,"featured_media":24220,"comment_status":"open","ping_status":"open","sticky":false,"template":"","format":"standard","meta":{"footnotes":""},"categories":[9],"tags":[],"class_list":["post-24219","post","type-post","status-publish","format-standard","has-post-thumbnail","hentry","category-mesas"],"_links":{"self":[{"href":"http:\/\/www.elkindeco.com\/index.php?rest_route=\/wp\/v2\/posts\/24219","targetHints":{"allow":["GET"]}}],"collection":[{"href":"http:\/\/www.elkindeco.com\/index.php?rest_route=\/wp\/v2\/posts"}],"about":[{"href":"http:\/\/www.elkindeco.com\/index.php?rest_route=\/wp\/v2\/types\/post"}],"author":[{"embeddable":true,"href":"http:\/\/www.elkindeco.com\/index.php?rest_route=\/wp\/v2\/users\/1"}],"replies":[{"embeddable":true,"href":"http:\/\/www.elkindeco.com\/index.php?rest_route=%2Fwp%2Fv2%2Fcomments&post=24219"}],"version-history":[{"count":0,"href":"http:\/\/www.elkindeco.com\/index.php?rest_route=\/wp\/v2\/posts\/24219\/revisions"}],"wp:featuredmedia":[{"embeddable":true,"href":"http:\/\/www.elkindeco.com\/index.php?rest_route=\/wp\/v2\/media\/24220"}],"wp:attachment":[{"href":"http:\/\/www.elkindeco.com\/index.php?rest_route=%2Fwp%2Fv2%2Fmedia&parent=24219"}],"wp:term":[{"taxonomy":"category","embeddable":true,"href":"http:\/\/www.elkindeco.com\/index.php?rest_route=%2Fwp%2Fv2%2Fcategories&post=24219"},{"taxonomy":"post_tag","embeddable":true,"href":"http:\/\/www.elkindeco.com\/index.php?rest_route=%2Fwp%2Fv2%2Ftags&post=24219"}],"curies":[{"name":"wp","href":"https:\/\/api.w.org\/{rel}","templated":true}]}}