{"id":27288,"date":"2016-05-23T14:39:13","date_gmt":"2016-05-23T17:39:13","guid":{"rendered":"http:\/\/www.elkindeco.com\/web\/?p=27288"},"modified":"2016-05-23T14:39:13","modified_gmt":"2016-05-23T17:39:13","slug":"par-de-mesas-centro-o-ratona-de-sala-frances-luis-xvi-marmol","status":"publish","type":"post","link":"http:\/\/www.elkindeco.com\/?p=27288","title":{"rendered":"Par De Mesas Centro O Ratona De Sala Frances Luis Xvi Marmol"},"content":{"rendered":"<p><img loading=\"lazy\" decoding=\"async\" class=\"alignnone size-full wp-image-27289\" src=\"http:\/\/www.elkindeco.com\/web\/wp-content\/uploads\/2016\/05\/7192-8228.jpg\" alt=\"7192-8228\" width=\"720\" height=\"480\" srcset=\"http:\/\/www.elkindeco.com\/web\/wp-content\/uploads\/2016\/05\/7192-8228.jpg 720w, http:\/\/www.elkindeco.com\/web\/wp-content\/uploads\/2016\/05\/7192-8228-196x131.jpg 196w\" sizes=\"auto, (max-width: 720px) 100vw, 720px\" \/> <img loading=\"lazy\" decoding=\"async\" class=\"alignnone size-full wp-image-27290\" src=\"http:\/\/www.elkindeco.com\/web\/wp-content\/uploads\/2016\/05\/7192-8228_1.jpg\" alt=\"7192-8228_1\" width=\"720\" height=\"480\" srcset=\"http:\/\/www.elkindeco.com\/web\/wp-content\/uploads\/2016\/05\/7192-8228_1.jpg 720w, http:\/\/www.elkindeco.com\/web\/wp-content\/uploads\/2016\/05\/7192-8228_1-196x131.jpg 196w\" sizes=\"auto, (max-width: 720px) 100vw, 720px\" \/> <img loading=\"lazy\" decoding=\"async\" class=\"alignnone size-full wp-image-27291\" src=\"http:\/\/www.elkindeco.com\/web\/wp-content\/uploads\/2016\/05\/7192-8228_2.jpg\" alt=\"7192-8228_2\" width=\"720\" height=\"480\" srcset=\"http:\/\/www.elkindeco.com\/web\/wp-content\/uploads\/2016\/05\/7192-8228_2.jpg 720w, http:\/\/www.elkindeco.com\/web\/wp-content\/uploads\/2016\/05\/7192-8228_2-196x131.jpg 196w\" sizes=\"auto, (max-width: 720px) 100vw, 720px\" \/><\/p>\n<p>&nbsp;<\/p>\n<table border=\"0\" width=\"600\" cellspacing=\"4\" cellpadding=\"4\" bgcolor=\"#a9c5b7\">\n<tbody>\n<tr>\n<td>\n<p align=\"justify\"><span style=\"font-size: x-large;\">Espectacular mesa de sala o living estilo Franc\u00e9s Luis XVI con tapa de m\u00e1rmol<\/span><\/p>\n<p align=\"justify\"><span style=\"font-size: x-large;\">Son ideales para embellecer de forma \u00fanica su sala, living o comedor<\/span><\/p>\n<\/td>\n<\/tr>\n<\/tbody>\n<\/table>\n<p>&nbsp;<\/p>\n<table border=\"0\" width=\"280\" cellspacing=\"4\" cellpadding=\"4\" bgcolor=\"#dfe9a0\">\n<tbody>\n<tr>\n<td width=\"120\"><b><span style=\"font-size: large;\">MEDIDAS<\/span><\/b><\/td>\n<td><\/td>\n<\/tr>\n<tr>\n<td width=\"120\"><span style=\"font-size: large;\">ALTO<\/span><\/td>\n<td><span style=\"font-size: large;\">47cm<\/span><\/td>\n<\/tr>\n<tr>\n<td width=\"120\"><span style=\"font-size: large;\">ANCHO<\/span><\/td>\n<td><span style=\"font-size: large;\">51cm<\/span><\/td>\n<\/tr>\n<tr>\n<td width=\"120\"><span style=\"font-size: large;\">PROFUNDIDAD<\/span><\/td>\n<td><span style=\"font-size: large;\">51cm<\/span><\/td>\n<\/tr>\n<\/tbody>\n<\/table>\n<p>&nbsp;<\/p>\n<table border=\"0\" width=\"280\" cellspacing=\"4\" cellpadding=\"4\" bgcolor=\"#c7d69d\">\n<tbody>\n<tr>\n<td width=\"90\"><b><span style=\"font-size: large;\">C\u00d3DIGO:<\/span><\/b><\/td>\n<td><b><span style=\"font-size: large;\">7192-8228<\/span><\/b><\/td>\n<\/tr>\n<\/tbody>\n<\/table>\n","protected":false},"excerpt":{"rendered":"<p>&nbsp; Espectacular mesa de sala o living estilo Franc\u00e9s Luis XVI con tapa de m\u00e1rmol Son ideales para embellecer de forma \u00fanica su sala, living o comedor &nbsp; MEDIDAS ALTO 47cm ANCHO 51cm PROFUNDIDAD 51cm &nbsp; C\u00d3DIGO: 7192-8228<\/p>\n","protected":false},"author":1,"featured_media":27289,"comment_status":"open","ping_status":"open","sticky":false,"template":"","format":"standard","meta":{"footnotes":""},"categories":[9],"tags":[],"class_list":["post-27288","post","type-post","status-publish","format-standard","has-post-thumbnail","hentry","category-mesas"],"_links":{"self":[{"href":"http:\/\/www.elkindeco.com\/index.php?rest_route=\/wp\/v2\/posts\/27288","targetHints":{"allow":["GET"]}}],"collection":[{"href":"http:\/\/www.elkindeco.com\/index.php?rest_route=\/wp\/v2\/posts"}],"about":[{"href":"http:\/\/www.elkindeco.com\/index.php?rest_route=\/wp\/v2\/types\/post"}],"author":[{"embeddable":true,"href":"http:\/\/www.elkindeco.com\/index.php?rest_route=\/wp\/v2\/users\/1"}],"replies":[{"embeddable":true,"href":"http:\/\/www.elkindeco.com\/index.php?rest_route=%2Fwp%2Fv2%2Fcomments&post=27288"}],"version-history":[{"count":0,"href":"http:\/\/www.elkindeco.com\/index.php?rest_route=\/wp\/v2\/posts\/27288\/revisions"}],"wp:featuredmedia":[{"embeddable":true,"href":"http:\/\/www.elkindeco.com\/index.php?rest_route=\/wp\/v2\/media\/27289"}],"wp:attachment":[{"href":"http:\/\/www.elkindeco.com\/index.php?rest_route=%2Fwp%2Fv2%2Fmedia&parent=27288"}],"wp:term":[{"taxonomy":"category","embeddable":true,"href":"http:\/\/www.elkindeco.com\/index.php?rest_route=%2Fwp%2Fv2%2Fcategories&post=27288"},{"taxonomy":"post_tag","embeddable":true,"href":"http:\/\/www.elkindeco.com\/index.php?rest_route=%2Fwp%2Fv2%2Ftags&post=27288"}],"curies":[{"name":"wp","href":"https:\/\/api.w.org\/{rel}","templated":true}]}}