{"id":27384,"date":"2016-06-07T12:29:38","date_gmt":"2016-06-07T15:29:38","guid":{"rendered":"http:\/\/www.elkindeco.com\/web\/?p=27384"},"modified":"2016-06-07T12:29:38","modified_gmt":"2016-06-07T15:29:38","slug":"mesa-centro-o-ratona-de-hierro-con-tapa-de-madera","status":"publish","type":"post","link":"http:\/\/www.elkindeco.com\/?p=27384","title":{"rendered":"MESA CENTRO O RATONA DE HIERRO CON TAPA DE MADERA"},"content":{"rendered":"<p><img loading=\"lazy\" decoding=\"async\" class=\"alignnone size-full wp-image-27386\" src=\"http:\/\/www.elkindeco.com\/web\/wp-content\/uploads\/2016\/06\/IMG_1584-1.jpg\" alt=\"IMG_1584\" width=\"720\" height=\"480\" srcset=\"http:\/\/www.elkindeco.com\/web\/wp-content\/uploads\/2016\/06\/IMG_1584-1.jpg 720w, http:\/\/www.elkindeco.com\/web\/wp-content\/uploads\/2016\/06\/IMG_1584-1-196x131.jpg 196w\" sizes=\"auto, (max-width: 720px) 100vw, 720px\" \/><\/p>\n<p><img loading=\"lazy\" decoding=\"async\" class=\"alignnone size-full wp-image-27387\" src=\"http:\/\/www.elkindeco.com\/web\/wp-content\/uploads\/2016\/06\/IMG_1584_1.jpg\" alt=\"IMG_1584_1\" width=\"480\" height=\"720\" srcset=\"http:\/\/www.elkindeco.com\/web\/wp-content\/uploads\/2016\/06\/IMG_1584_1.jpg 480w, http:\/\/www.elkindeco.com\/web\/wp-content\/uploads\/2016\/06\/IMG_1584_1-320x480.jpg 320w, http:\/\/www.elkindeco.com\/web\/wp-content\/uploads\/2016\/06\/IMG_1584_1-87x131.jpg 87w\" sizes=\"auto, (max-width: 480px) 100vw, 480px\" \/> <img loading=\"lazy\" decoding=\"async\" class=\"alignnone size-full wp-image-27388\" src=\"http:\/\/www.elkindeco.com\/web\/wp-content\/uploads\/2016\/06\/IMG_1584_2.jpg\" alt=\"IMG_1584_2\" width=\"720\" height=\"410\" srcset=\"http:\/\/www.elkindeco.com\/web\/wp-content\/uploads\/2016\/06\/IMG_1584_2.jpg 720w, http:\/\/www.elkindeco.com\/web\/wp-content\/uploads\/2016\/06\/IMG_1584_2-196x112.jpg 196w\" sizes=\"auto, (max-width: 720px) 100vw, 720px\" \/><\/p>\n<p>&nbsp;<\/p>\n<table border=\"0\" width=\"600\" cellspacing=\"4\" cellpadding=\"4\" bgcolor=\"#a9c5b7\">\n<tbody>\n<tr>\n<td><span style=\"font-size: x-large;\">Mesa centro o ratona con base de hierro y tapa de madera en patchwork<\/p>\n<p>Armado con maderas recicladas, es ideal para decorar de forma \u00fanica su living<\/p>\n<p>\u00a1Tambi\u00e9n lo tenemos con otras tapas, p\u00e1tinas y tama\u00f1os: cons\u00faltenos!<\/span><\/td>\n<\/tr>\n<\/tbody>\n<\/table>\n<p>&nbsp;<\/p>\n<table border=\"0\" width=\"280\" cellspacing=\"4\" cellpadding=\"4\" bgcolor=\"#dfe9a0\">\n<tbody>\n<tr>\n<td width=\"120\"><b><span style=\"font-size: large;\">MEDIDAS<\/span><\/b><\/td>\n<td><\/td>\n<\/tr>\n<tr>\n<td width=\"120\"><span style=\"font-size: large;\">ALTO<\/span><\/td>\n<td><span style=\"font-size: large;\">45cm<\/span><\/td>\n<\/tr>\n<tr>\n<td width=\"120\"><span style=\"font-size: large;\">ANCHO<\/span><\/td>\n<td><span style=\"font-size: large;\">120cm<\/span><\/td>\n<\/tr>\n<tr>\n<td width=\"120\"><span style=\"font-size: large;\">PROFUNDIDAD<\/span><\/td>\n<td><span style=\"font-size: large;\">60cm<\/span><\/td>\n<\/tr>\n<\/tbody>\n<\/table>\n<p>&nbsp;<\/p>\n<table border=\"0\" width=\"280\" cellspacing=\"4\" cellpadding=\"4\" bgcolor=\"#c7d69d\">\n<tbody>\n<tr>\n<td width=\"90\"><b><span style=\"font-size: large;\">C\u00d3DIGO:<\/span><\/b><\/td>\n<td><strong><span style=\"font-size: large;\">IMG_1584<\/span><\/strong><\/td>\n<\/tr>\n<\/tbody>\n<\/table>\n<p>&nbsp;<\/p>\n<p>&nbsp;<\/p>\n","protected":false},"excerpt":{"rendered":"<p>&nbsp; Mesa centro o ratona con base de hierro y tapa de madera en patchwork Armado con maderas recicladas, es ideal para decorar de forma \u00fanica su living \u00a1Tambi\u00e9n lo tenemos con otras tapas, p\u00e1tinas y tama\u00f1os: cons\u00faltenos! &nbsp; MEDIDAS ALTO 45cm ANCHO 120cm PROFUNDIDAD 60cm &nbsp; C\u00d3DIGO: IMG_1584 &nbsp; &nbsp;<\/p>\n","protected":false},"author":1,"featured_media":27385,"comment_status":"open","ping_status":"open","sticky":false,"template":"","format":"standard","meta":{"footnotes":""},"categories":[9],"tags":[],"class_list":["post-27384","post","type-post","status-publish","format-standard","has-post-thumbnail","hentry","category-mesas"],"_links":{"self":[{"href":"http:\/\/www.elkindeco.com\/index.php?rest_route=\/wp\/v2\/posts\/27384","targetHints":{"allow":["GET"]}}],"collection":[{"href":"http:\/\/www.elkindeco.com\/index.php?rest_route=\/wp\/v2\/posts"}],"about":[{"href":"http:\/\/www.elkindeco.com\/index.php?rest_route=\/wp\/v2\/types\/post"}],"author":[{"embeddable":true,"href":"http:\/\/www.elkindeco.com\/index.php?rest_route=\/wp\/v2\/users\/1"}],"replies":[{"embeddable":true,"href":"http:\/\/www.elkindeco.com\/index.php?rest_route=%2Fwp%2Fv2%2Fcomments&post=27384"}],"version-history":[{"count":0,"href":"http:\/\/www.elkindeco.com\/index.php?rest_route=\/wp\/v2\/posts\/27384\/revisions"}],"wp:featuredmedia":[{"embeddable":true,"href":"http:\/\/www.elkindeco.com\/index.php?rest_route=\/wp\/v2\/media\/27385"}],"wp:attachment":[{"href":"http:\/\/www.elkindeco.com\/index.php?rest_route=%2Fwp%2Fv2%2Fmedia&parent=27384"}],"wp:term":[{"taxonomy":"category","embeddable":true,"href":"http:\/\/www.elkindeco.com\/index.php?rest_route=%2Fwp%2Fv2%2Fcategories&post=27384"},{"taxonomy":"post_tag","embeddable":true,"href":"http:\/\/www.elkindeco.com\/index.php?rest_route=%2Fwp%2Fv2%2Ftags&post=27384"}],"curies":[{"name":"wp","href":"https:\/\/api.w.org\/{rel}","templated":true}]}}