{"id":27410,"date":"2016-06-14T17:34:51","date_gmt":"2016-06-14T20:34:51","guid":{"rendered":"http:\/\/www.elkindeco.com\/web\/?p=27410"},"modified":"2016-09-29T17:04:24","modified_gmt":"2016-09-29T20:04:24","slug":"mesa-de-comedor-estilo-frances-luis-xv-con-tabla","status":"publish","type":"post","link":"http:\/\/www.elkindeco.com\/?p=27410","title":{"rendered":"Mesa De Comedor Estilo Frances Luis Xv Con Tabla"},"content":{"rendered":"<p><img loading=\"lazy\" decoding=\"async\" class=\"alignnone size-full wp-image-27411\" src=\"http:\/\/www.elkindeco.com\/web\/wp-content\/uploads\/2016\/06\/8087-366C.jpg\" alt=\"8087-366C\" width=\"720\" height=\"480\" srcset=\"http:\/\/www.elkindeco.com\/web\/wp-content\/uploads\/2016\/06\/8087-366C.jpg 720w, http:\/\/www.elkindeco.com\/web\/wp-content\/uploads\/2016\/06\/8087-366C-196x131.jpg 196w\" sizes=\"auto, (max-width: 720px) 100vw, 720px\" \/> <img loading=\"lazy\" decoding=\"async\" class=\"alignnone size-full wp-image-27412\" src=\"http:\/\/www.elkindeco.com\/web\/wp-content\/uploads\/2016\/06\/8087-366C_1.jpg\" alt=\"8087-366C_1\" width=\"720\" height=\"480\" srcset=\"http:\/\/www.elkindeco.com\/web\/wp-content\/uploads\/2016\/06\/8087-366C_1.jpg 720w, http:\/\/www.elkindeco.com\/web\/wp-content\/uploads\/2016\/06\/8087-366C_1-196x131.jpg 196w\" sizes=\"auto, (max-width: 720px) 100vw, 720px\" \/> <img loading=\"lazy\" decoding=\"async\" class=\"alignnone size-full wp-image-27413\" src=\"http:\/\/www.elkindeco.com\/web\/wp-content\/uploads\/2016\/06\/8087-366C_2.jpg\" alt=\"8087-366C_2\" width=\"720\" height=\"480\" srcset=\"http:\/\/www.elkindeco.com\/web\/wp-content\/uploads\/2016\/06\/8087-366C_2.jpg 720w, http:\/\/www.elkindeco.com\/web\/wp-content\/uploads\/2016\/06\/8087-366C_2-196x131.jpg 196w\" sizes=\"auto, (max-width: 720px) 100vw, 720px\" \/><\/p>\n<p>&nbsp;<\/p>\n<table border=\"0\" width=\"600\" cellspacing=\"4\" cellpadding=\"4\" bgcolor=\"#a9c5b7\">\n<tbody>\n<tr>\n<td>\n<p align=\"justify\"><span style=\"font-size: x-large;\">Espectacular mesa de comedor estilo Franc\u00e9s Luis XV con tabla de alargue<\/span><\/p>\n<p align=\"justify\"><span style=\"font-size: x-large;\">Es ideal para embellecer de forma \u00fanica su comedor<\/span><\/p>\n<\/td>\n<\/tr>\n<\/tbody>\n<\/table>\n<p>&nbsp;<\/p>\n<table border=\"0\" width=\"280\" cellspacing=\"4\" cellpadding=\"4\" bgcolor=\"#dfe9a0\">\n<tbody>\n<tr>\n<td width=\"120\"><b><span style=\"font-size: large;\">MEDIDAS<\/span><\/b><\/td>\n<td><\/td>\n<\/tr>\n<tr>\n<td width=\"120\"><span style=\"font-size: large;\">ALTO<\/span><\/td>\n<td><span style=\"font-size: large;\">80cm<\/span><\/td>\n<\/tr>\n<tr>\n<td width=\"120\"><span style=\"font-size: large;\">ANCHO<\/span><\/td>\n<td>2.00m abierta<br \/>\n2.45m cerrada<\/td>\n<\/tr>\n<tr>\n<td width=\"120\"><span style=\"font-size: large;\">PROFUNDIDAD<\/span><\/td>\n<td><span style=\"font-size: large;\">113cm<\/span><\/td>\n<\/tr>\n<\/tbody>\n<\/table>\n<p>&nbsp;<\/p>\n<table border=\"0\" width=\"280\" cellspacing=\"4\" cellpadding=\"4\" bgcolor=\"#c7d69d\">\n<tbody>\n<tr>\n<td width=\"90\"><b><span style=\"font-size: large;\">C\u00d3DIGO:<\/span><\/b><\/td>\n<td><b><span style=\"font-size: large;\">8087-366C<\/span><\/b><\/td>\n<\/tr>\n<\/tbody>\n<\/table>\n","protected":false},"excerpt":{"rendered":"<p>&nbsp; Espectacular mesa de comedor estilo Franc\u00e9s Luis XV con tabla de alargue Es ideal para embellecer de forma \u00fanica su comedor &nbsp; MEDIDAS ALTO 80cm ANCHO 2.00m abierta 2.45m cerrada PROFUNDIDAD 113cm &nbsp; C\u00d3DIGO: 8087-366C<\/p>\n","protected":false},"author":1,"featured_media":27411,"comment_status":"open","ping_status":"open","sticky":false,"template":"","format":"standard","meta":{"footnotes":""},"categories":[9],"tags":[],"class_list":["post-27410","post","type-post","status-publish","format-standard","has-post-thumbnail","hentry","category-mesas"],"_links":{"self":[{"href":"http:\/\/www.elkindeco.com\/index.php?rest_route=\/wp\/v2\/posts\/27410","targetHints":{"allow":["GET"]}}],"collection":[{"href":"http:\/\/www.elkindeco.com\/index.php?rest_route=\/wp\/v2\/posts"}],"about":[{"href":"http:\/\/www.elkindeco.com\/index.php?rest_route=\/wp\/v2\/types\/post"}],"author":[{"embeddable":true,"href":"http:\/\/www.elkindeco.com\/index.php?rest_route=\/wp\/v2\/users\/1"}],"replies":[{"embeddable":true,"href":"http:\/\/www.elkindeco.com\/index.php?rest_route=%2Fwp%2Fv2%2Fcomments&post=27410"}],"version-history":[{"count":0,"href":"http:\/\/www.elkindeco.com\/index.php?rest_route=\/wp\/v2\/posts\/27410\/revisions"}],"wp:featuredmedia":[{"embeddable":true,"href":"http:\/\/www.elkindeco.com\/index.php?rest_route=\/wp\/v2\/media\/27411"}],"wp:attachment":[{"href":"http:\/\/www.elkindeco.com\/index.php?rest_route=%2Fwp%2Fv2%2Fmedia&parent=27410"}],"wp:term":[{"taxonomy":"category","embeddable":true,"href":"http:\/\/www.elkindeco.com\/index.php?rest_route=%2Fwp%2Fv2%2Fcategories&post=27410"},{"taxonomy":"post_tag","embeddable":true,"href":"http:\/\/www.elkindeco.com\/index.php?rest_route=%2Fwp%2Fv2%2Ftags&post=27410"}],"curies":[{"name":"wp","href":"https:\/\/api.w.org\/{rel}","templated":true}]}}