{"id":28467,"date":"2017-03-27T09:35:02","date_gmt":"2017-03-27T12:35:02","guid":{"rendered":"http:\/\/www.elkindeco.com\/web\/?p=28467"},"modified":"2017-03-27T09:35:02","modified_gmt":"2017-03-27T12:35:02","slug":"par-de-mesas-de-sala-living-estilo-frances-luis-xvi-marmol","status":"publish","type":"post","link":"http:\/\/www.elkindeco.com\/?p=28467","title":{"rendered":"Par De Mesas De Sala Living Estilo Frances Luis Xvi Marmol"},"content":{"rendered":"<p><img loading=\"lazy\" decoding=\"async\" class=\"alignnone size-full wp-image-28468\" src=\"http:\/\/www.elkindeco.com\/web\/wp-content\/uploads\/2017\/03\/8114-4042.jpg\" alt=\"8114-4042\" width=\"720\" height=\"480\" srcset=\"http:\/\/www.elkindeco.com\/web\/wp-content\/uploads\/2017\/03\/8114-4042.jpg 720w, http:\/\/www.elkindeco.com\/web\/wp-content\/uploads\/2017\/03\/8114-4042-196x131.jpg 196w\" sizes=\"auto, (max-width: 720px) 100vw, 720px\" \/> <img loading=\"lazy\" decoding=\"async\" class=\"alignnone size-full wp-image-28469\" src=\"http:\/\/www.elkindeco.com\/web\/wp-content\/uploads\/2017\/03\/8114-4042_1.jpg\" alt=\"8114-4042_1\" width=\"720\" height=\"480\" srcset=\"http:\/\/www.elkindeco.com\/web\/wp-content\/uploads\/2017\/03\/8114-4042_1.jpg 720w, http:\/\/www.elkindeco.com\/web\/wp-content\/uploads\/2017\/03\/8114-4042_1-196x131.jpg 196w\" sizes=\"auto, (max-width: 720px) 100vw, 720px\" \/> <img loading=\"lazy\" decoding=\"async\" class=\"alignnone size-full wp-image-28470\" src=\"http:\/\/www.elkindeco.com\/web\/wp-content\/uploads\/2017\/03\/8114-4042_2.jpg\" alt=\"8114-4042_2\" width=\"720\" height=\"480\" srcset=\"http:\/\/www.elkindeco.com\/web\/wp-content\/uploads\/2017\/03\/8114-4042_2.jpg 720w, http:\/\/www.elkindeco.com\/web\/wp-content\/uploads\/2017\/03\/8114-4042_2-196x131.jpg 196w\" sizes=\"auto, (max-width: 720px) 100vw, 720px\" \/><\/p>\n<p>&nbsp;<\/p>\n<table border=\"0\" width=\"600\" cellspacing=\"4\" cellpadding=\"4\" bgcolor=\"#a9c5b7\">\n<tbody>\n<tr>\n<td>\n<p align=\"justify\">Espectacular par de mesas de sala o living estilo Franc\u00e9s Luis XVI con tapa de m\u00e1rmol<\/p>\n<p align=\"justify\">Son ideales para embellecer de forma \u00fanica su sala, living o comedor<\/p>\n<\/td>\n<\/tr>\n<\/tbody>\n<\/table>\n<p>&nbsp;<\/p>\n<table border=\"0\" cellspacing=\"4\" cellpadding=\"4\" bgcolor=\"#dfe9a0\">\n<tbody>\n<tr>\n<td width=\"120\"><b>MEDIDAS<\/b><\/td>\n<td><\/td>\n<\/tr>\n<tr>\n<td width=\"120\">ALTO<\/td>\n<td>64cm<\/td>\n<\/tr>\n<tr>\n<td width=\"120\">ANCHO<\/td>\n<td>51cm<\/td>\n<\/tr>\n<tr>\n<td width=\"120\">PROFUNDIDAD<\/td>\n<td>51cm<\/td>\n<\/tr>\n<\/tbody>\n<\/table>\n<p>&nbsp;<\/p>\n<table border=\"0\" width=\"280\" cellspacing=\"4\" cellpadding=\"4\" bgcolor=\"#c7d69d\">\n<tbody>\n<tr>\n<td width=\"90\"><b>C\u00d3DIGO:<\/b><\/td>\n<td>8114-4042<\/td>\n<\/tr>\n<\/tbody>\n<\/table>\n","protected":false},"excerpt":{"rendered":"<p>&nbsp; Espectacular par de mesas de sala o living estilo Franc\u00e9s Luis XVI con tapa de m\u00e1rmol Son ideales para embellecer de forma \u00fanica su sala, living o comedor &nbsp; MEDIDAS ALTO 64cm ANCHO 51cm PROFUNDIDAD 51cm &nbsp; C\u00d3DIGO: 8114-4042<\/p>\n","protected":false},"author":1,"featured_media":28468,"comment_status":"open","ping_status":"open","sticky":false,"template":"","format":"standard","meta":{"footnotes":""},"categories":[9],"tags":[],"class_list":["post-28467","post","type-post","status-publish","format-standard","has-post-thumbnail","hentry","category-mesas"],"_links":{"self":[{"href":"http:\/\/www.elkindeco.com\/index.php?rest_route=\/wp\/v2\/posts\/28467","targetHints":{"allow":["GET"]}}],"collection":[{"href":"http:\/\/www.elkindeco.com\/index.php?rest_route=\/wp\/v2\/posts"}],"about":[{"href":"http:\/\/www.elkindeco.com\/index.php?rest_route=\/wp\/v2\/types\/post"}],"author":[{"embeddable":true,"href":"http:\/\/www.elkindeco.com\/index.php?rest_route=\/wp\/v2\/users\/1"}],"replies":[{"embeddable":true,"href":"http:\/\/www.elkindeco.com\/index.php?rest_route=%2Fwp%2Fv2%2Fcomments&post=28467"}],"version-history":[{"count":0,"href":"http:\/\/www.elkindeco.com\/index.php?rest_route=\/wp\/v2\/posts\/28467\/revisions"}],"wp:featuredmedia":[{"embeddable":true,"href":"http:\/\/www.elkindeco.com\/index.php?rest_route=\/wp\/v2\/media\/28468"}],"wp:attachment":[{"href":"http:\/\/www.elkindeco.com\/index.php?rest_route=%2Fwp%2Fv2%2Fmedia&parent=28467"}],"wp:term":[{"taxonomy":"category","embeddable":true,"href":"http:\/\/www.elkindeco.com\/index.php?rest_route=%2Fwp%2Fv2%2Fcategories&post=28467"},{"taxonomy":"post_tag","embeddable":true,"href":"http:\/\/www.elkindeco.com\/index.php?rest_route=%2Fwp%2Fv2%2Ftags&post=28467"}],"curies":[{"name":"wp","href":"https:\/\/api.w.org\/{rel}","templated":true}]}}