{"id":28483,"date":"2017-03-27T10:02:42","date_gmt":"2017-03-27T13:02:42","guid":{"rendered":"http:\/\/www.elkindeco.com\/web\/?p=28483"},"modified":"2017-03-27T10:02:42","modified_gmt":"2017-03-27T13:02:42","slug":"vitrina-estilo-frances-luis-xvi-con-vidrios-curvos","status":"publish","type":"post","link":"http:\/\/www.elkindeco.com\/?p=28483","title":{"rendered":"Vitrina Estilo Frances Luis Xvi Con Vidrios Curvos"},"content":{"rendered":"<p><img loading=\"lazy\" decoding=\"async\" class=\"alignnone size-full wp-image-28484\" src=\"http:\/\/www.elkindeco.com\/web\/wp-content\/uploads\/2017\/03\/8114-4043.jpg\" alt=\"8114-4043\" width=\"720\" height=\"479\" srcset=\"http:\/\/www.elkindeco.com\/web\/wp-content\/uploads\/2017\/03\/8114-4043.jpg 720w, http:\/\/www.elkindeco.com\/web\/wp-content\/uploads\/2017\/03\/8114-4043-196x131.jpg 196w\" sizes=\"auto, (max-width: 720px) 100vw, 720px\" \/> <img loading=\"lazy\" decoding=\"async\" class=\"alignnone size-full wp-image-28485\" src=\"http:\/\/www.elkindeco.com\/web\/wp-content\/uploads\/2017\/03\/8114-4043_1.jpg\" alt=\"8114-4043_1\" width=\"480\" height=\"720\" srcset=\"http:\/\/www.elkindeco.com\/web\/wp-content\/uploads\/2017\/03\/8114-4043_1.jpg 480w, http:\/\/www.elkindeco.com\/web\/wp-content\/uploads\/2017\/03\/8114-4043_1-320x480.jpg 320w, http:\/\/www.elkindeco.com\/web\/wp-content\/uploads\/2017\/03\/8114-4043_1-87x131.jpg 87w\" sizes=\"auto, (max-width: 480px) 100vw, 480px\" \/> <img loading=\"lazy\" decoding=\"async\" class=\"alignnone size-full wp-image-28486\" src=\"http:\/\/www.elkindeco.com\/web\/wp-content\/uploads\/2017\/03\/8114-4043_3.jpg\" alt=\"8114-4043_3\" width=\"720\" height=\"480\" srcset=\"http:\/\/www.elkindeco.com\/web\/wp-content\/uploads\/2017\/03\/8114-4043_3.jpg 720w, http:\/\/www.elkindeco.com\/web\/wp-content\/uploads\/2017\/03\/8114-4043_3-196x131.jpg 196w\" sizes=\"auto, (max-width: 720px) 100vw, 720px\" \/> <img loading=\"lazy\" decoding=\"async\" class=\"alignnone size-full wp-image-28487\" src=\"http:\/\/www.elkindeco.com\/web\/wp-content\/uploads\/2017\/03\/8114-4043_4.jpg\" alt=\"8114-4043_4\" width=\"720\" height=\"480\" srcset=\"http:\/\/www.elkindeco.com\/web\/wp-content\/uploads\/2017\/03\/8114-4043_4.jpg 720w, http:\/\/www.elkindeco.com\/web\/wp-content\/uploads\/2017\/03\/8114-4043_4-196x131.jpg 196w\" sizes=\"auto, (max-width: 720px) 100vw, 720px\" \/><\/p>\n<p>&nbsp;<\/p>\n<table border=\"0\" width=\"600\" cellspacing=\"4\" cellpadding=\"4\" bgcolor=\"#a9c5b7\">\n<tbody>\n<tr>\n<td>\n<p align=\"justify\">Espectacular Vitrina estilo Franc\u00e9s Luis XV con baranda de bronce y tapa de m\u00e1rmol<\/p>\n<p align=\"justify\">De calidad excepcional, es ideal para embellecer de forma \u00fanica cualquier ambiente de su hogar<\/p>\n<\/td>\n<\/tr>\n<\/tbody>\n<\/table>\n<p>&nbsp;<\/p>\n<table border=\"0\" cellspacing=\"4\" cellpadding=\"4\" bgcolor=\"#dfe9a0\">\n<tbody>\n<tr>\n<td width=\"120\"><b>MEDIDAS<\/b><\/td>\n<td><\/td>\n<\/tr>\n<tr>\n<td width=\"120\">ALTO<\/td>\n<td>140cm<\/td>\n<\/tr>\n<tr>\n<td width=\"120\">ANCHO<\/td>\n<td>67cm<\/td>\n<\/tr>\n<tr>\n<td width=\"120\">PROFUNDIDAD<\/td>\n<td>44cm<\/td>\n<\/tr>\n<\/tbody>\n<\/table>\n<p>&nbsp;<\/p>\n<table border=\"0\" width=\"280\" cellspacing=\"4\" cellpadding=\"4\" bgcolor=\"#c7d69d\">\n<tbody>\n<tr>\n<td width=\"90\"><b>C\u00d3DIGO:<\/b><\/td>\n<td>8114-4043<\/td>\n<\/tr>\n<\/tbody>\n<\/table>\n","protected":false},"excerpt":{"rendered":"<p>&nbsp; Espectacular Vitrina estilo Franc\u00e9s Luis XV con baranda de bronce y tapa de m\u00e1rmol De calidad excepcional, es ideal para embellecer de forma \u00fanica cualquier ambiente de su hogar &nbsp; MEDIDAS ALTO 140cm ANCHO 67cm PROFUNDIDAD 44cm &nbsp; C\u00d3DIGO: 8114-4043<\/p>\n","protected":false},"author":1,"featured_media":28484,"comment_status":"open","ping_status":"open","sticky":false,"template":"","format":"standard","meta":{"footnotes":""},"categories":[24],"tags":[],"class_list":["post-28483","post","type-post","status-publish","format-standard","has-post-thumbnail","hentry","category-vitrinas"],"_links":{"self":[{"href":"http:\/\/www.elkindeco.com\/index.php?rest_route=\/wp\/v2\/posts\/28483","targetHints":{"allow":["GET"]}}],"collection":[{"href":"http:\/\/www.elkindeco.com\/index.php?rest_route=\/wp\/v2\/posts"}],"about":[{"href":"http:\/\/www.elkindeco.com\/index.php?rest_route=\/wp\/v2\/types\/post"}],"author":[{"embeddable":true,"href":"http:\/\/www.elkindeco.com\/index.php?rest_route=\/wp\/v2\/users\/1"}],"replies":[{"embeddable":true,"href":"http:\/\/www.elkindeco.com\/index.php?rest_route=%2Fwp%2Fv2%2Fcomments&post=28483"}],"version-history":[{"count":0,"href":"http:\/\/www.elkindeco.com\/index.php?rest_route=\/wp\/v2\/posts\/28483\/revisions"}],"wp:featuredmedia":[{"embeddable":true,"href":"http:\/\/www.elkindeco.com\/index.php?rest_route=\/wp\/v2\/media\/28484"}],"wp:attachment":[{"href":"http:\/\/www.elkindeco.com\/index.php?rest_route=%2Fwp%2Fv2%2Fmedia&parent=28483"}],"wp:term":[{"taxonomy":"category","embeddable":true,"href":"http:\/\/www.elkindeco.com\/index.php?rest_route=%2Fwp%2Fv2%2Fcategories&post=28483"},{"taxonomy":"post_tag","embeddable":true,"href":"http:\/\/www.elkindeco.com\/index.php?rest_route=%2Fwp%2Fv2%2Ftags&post=28483"}],"curies":[{"name":"wp","href":"https:\/\/api.w.org\/{rel}","templated":true}]}}