{"id":28995,"date":"2017-07-31T12:32:14","date_gmt":"2017-07-31T15:32:14","guid":{"rendered":"http:\/\/www.elkindeco.com\/web\/?p=28995"},"modified":"2017-07-31T12:32:14","modified_gmt":"2017-07-31T15:32:14","slug":"mesa-de-luz-estilo-frances-luis-xvi-con-marmol-9","status":"publish","type":"post","link":"http:\/\/www.elkindeco.com\/?p=28995","title":{"rendered":"Mesa De Luz Estilo Frances Luis Xvi Con Marmol"},"content":{"rendered":"<p><img loading=\"lazy\" decoding=\"async\" class=\"alignnone size-full wp-image-28996\" src=\"http:\/\/www.elkindeco.com\/web\/wp-content\/uploads\/2017\/07\/7206-7355.jpg\" alt=\"7206-7355\" width=\"720\" height=\"480\" srcset=\"http:\/\/www.elkindeco.com\/web\/wp-content\/uploads\/2017\/07\/7206-7355.jpg 720w, http:\/\/www.elkindeco.com\/web\/wp-content\/uploads\/2017\/07\/7206-7355-196x131.jpg 196w\" sizes=\"auto, (max-width: 720px) 100vw, 720px\" \/> <img loading=\"lazy\" decoding=\"async\" class=\"alignnone size-full wp-image-28997\" src=\"http:\/\/www.elkindeco.com\/web\/wp-content\/uploads\/2017\/07\/7206-7355_1.jpg\" alt=\"7206-7355_1\" width=\"480\" height=\"720\" srcset=\"http:\/\/www.elkindeco.com\/web\/wp-content\/uploads\/2017\/07\/7206-7355_1.jpg 480w, http:\/\/www.elkindeco.com\/web\/wp-content\/uploads\/2017\/07\/7206-7355_1-320x480.jpg 320w, http:\/\/www.elkindeco.com\/web\/wp-content\/uploads\/2017\/07\/7206-7355_1-87x131.jpg 87w\" sizes=\"auto, (max-width: 480px) 100vw, 480px\" \/> <img loading=\"lazy\" decoding=\"async\" class=\"alignnone size-full wp-image-28998\" src=\"http:\/\/www.elkindeco.com\/web\/wp-content\/uploads\/2017\/07\/7206-7355_2.jpg\" alt=\"7206-7355_2\" width=\"720\" height=\"480\" srcset=\"http:\/\/www.elkindeco.com\/web\/wp-content\/uploads\/2017\/07\/7206-7355_2.jpg 720w, http:\/\/www.elkindeco.com\/web\/wp-content\/uploads\/2017\/07\/7206-7355_2-196x131.jpg 196w\" sizes=\"auto, (max-width: 720px) 100vw, 720px\" \/><\/p>\n<p>&nbsp;<\/p>\n<p>&#8211; Mesa de luz estilo franc\u00e9s Luis XVI con tapa de m\u00e1rmol<br \/>\n&#8211; Es ideal para embellecer de forma \u00fanica su dormitorio<br \/>\n&#8211; \u00a1Precio promocial exclusivo para compras en Mercadolibre!<\/p>\n<p>MEDIDAS: 65cm de alto x 48cm de ancho x 32cm de profundidad<\/p>\n<p>C\u00d3DIGO: 7206-7355<\/p>\n","protected":false},"excerpt":{"rendered":"<p>&nbsp; &#8211; Mesa de luz estilo franc\u00e9s Luis XVI con tapa de m\u00e1rmol &#8211; Es ideal para embellecer de forma \u00fanica su dormitorio &#8211; \u00a1Precio promocial exclusivo para compras en Mercadolibre! MEDIDAS: 65cm de alto x 48cm de ancho x 32cm de profundidad C\u00d3DIGO: 7206-7355<\/p>\n","protected":false},"author":1,"featured_media":28996,"comment_status":"open","ping_status":"open","sticky":false,"template":"","format":"standard","meta":{"footnotes":""},"categories":[25],"tags":[],"class_list":["post-28995","post","type-post","status-publish","format-standard","has-post-thumbnail","hentry","category-mesas-de-luz"],"_links":{"self":[{"href":"http:\/\/www.elkindeco.com\/index.php?rest_route=\/wp\/v2\/posts\/28995","targetHints":{"allow":["GET"]}}],"collection":[{"href":"http:\/\/www.elkindeco.com\/index.php?rest_route=\/wp\/v2\/posts"}],"about":[{"href":"http:\/\/www.elkindeco.com\/index.php?rest_route=\/wp\/v2\/types\/post"}],"author":[{"embeddable":true,"href":"http:\/\/www.elkindeco.com\/index.php?rest_route=\/wp\/v2\/users\/1"}],"replies":[{"embeddable":true,"href":"http:\/\/www.elkindeco.com\/index.php?rest_route=%2Fwp%2Fv2%2Fcomments&post=28995"}],"version-history":[{"count":0,"href":"http:\/\/www.elkindeco.com\/index.php?rest_route=\/wp\/v2\/posts\/28995\/revisions"}],"wp:featuredmedia":[{"embeddable":true,"href":"http:\/\/www.elkindeco.com\/index.php?rest_route=\/wp\/v2\/media\/28996"}],"wp:attachment":[{"href":"http:\/\/www.elkindeco.com\/index.php?rest_route=%2Fwp%2Fv2%2Fmedia&parent=28995"}],"wp:term":[{"taxonomy":"category","embeddable":true,"href":"http:\/\/www.elkindeco.com\/index.php?rest_route=%2Fwp%2Fv2%2Fcategories&post=28995"},{"taxonomy":"post_tag","embeddable":true,"href":"http:\/\/www.elkindeco.com\/index.php?rest_route=%2Fwp%2Fv2%2Ftags&post=28995"}],"curies":[{"name":"wp","href":"https:\/\/api.w.org\/{rel}","templated":true}]}}