{"id":29005,"date":"2017-07-31T14:40:28","date_gmt":"2017-07-31T17:40:28","guid":{"rendered":"http:\/\/www.elkindeco.com\/web\/?p=29005"},"modified":"2017-07-31T14:40:28","modified_gmt":"2017-07-31T17:40:28","slug":"mesa-de-comedor-estilo-frances-tallada-4","status":"publish","type":"post","link":"http:\/\/www.elkindeco.com\/?p=29005","title":{"rendered":"Mesa De Comedor Estilo Frances Tallada"},"content":{"rendered":"<p><img loading=\"lazy\" decoding=\"async\" class=\"alignnone size-full wp-image-29006\" src=\"http:\/\/www.elkindeco.com\/web\/wp-content\/uploads\/2017\/07\/7205-7348.jpg\" alt=\"7205-7348\" width=\"720\" height=\"479\" srcset=\"http:\/\/www.elkindeco.com\/web\/wp-content\/uploads\/2017\/07\/7205-7348.jpg 720w, http:\/\/www.elkindeco.com\/web\/wp-content\/uploads\/2017\/07\/7205-7348-196x131.jpg 196w\" sizes=\"auto, (max-width: 720px) 100vw, 720px\" \/> <img loading=\"lazy\" decoding=\"async\" class=\"alignnone size-full wp-image-29007\" src=\"http:\/\/www.elkindeco.com\/web\/wp-content\/uploads\/2017\/07\/7205-7348_1.jpg\" alt=\"7205-7348_1\" width=\"720\" height=\"479\" srcset=\"http:\/\/www.elkindeco.com\/web\/wp-content\/uploads\/2017\/07\/7205-7348_1.jpg 720w, http:\/\/www.elkindeco.com\/web\/wp-content\/uploads\/2017\/07\/7205-7348_1-196x131.jpg 196w\" sizes=\"auto, (max-width: 720px) 100vw, 720px\" \/> <img loading=\"lazy\" decoding=\"async\" class=\"alignnone size-full wp-image-29008\" src=\"http:\/\/www.elkindeco.com\/web\/wp-content\/uploads\/2017\/07\/7205-7348_2.jpg\" alt=\"7205-7348_2\" width=\"720\" height=\"479\" srcset=\"http:\/\/www.elkindeco.com\/web\/wp-content\/uploads\/2017\/07\/7205-7348_2.jpg 720w, http:\/\/www.elkindeco.com\/web\/wp-content\/uploads\/2017\/07\/7205-7348_2-196x131.jpg 196w\" sizes=\"auto, (max-width: 720px) 100vw, 720px\" \/> <img loading=\"lazy\" decoding=\"async\" class=\"alignnone size-full wp-image-29009\" src=\"http:\/\/www.elkindeco.com\/web\/wp-content\/uploads\/2017\/07\/7205-7348_3.jpg\" alt=\"7205-7348_3\" width=\"720\" height=\"480\" srcset=\"http:\/\/www.elkindeco.com\/web\/wp-content\/uploads\/2017\/07\/7205-7348_3.jpg 720w, http:\/\/www.elkindeco.com\/web\/wp-content\/uploads\/2017\/07\/7205-7348_3-196x131.jpg 196w\" sizes=\"auto, (max-width: 720px) 100vw, 720px\" \/><\/p>\n<p>&nbsp;<\/p>\n<p>&#8211; Espectacular mesa de comedor estilo Franc\u00e9s con base tallada y tabla de alargue<br \/>\n&#8211; Es ideal para embellecer de forma \u00fanica su comedor<br \/>\n&#8211; CONSULTAR POR EL RELUSTRADO DE LA MESA<\/p>\n<p>MEDIDAS: 73cm de alto x 130cm de di\u00e1metro<\/p>\n<p>C\u00d3DIGO: 7205-7348<\/p>\n","protected":false},"excerpt":{"rendered":"<p>&nbsp; &#8211; Espectacular mesa de comedor estilo Franc\u00e9s con base tallada y tabla de alargue &#8211; Es ideal para embellecer de forma \u00fanica su comedor &#8211; CONSULTAR POR EL RELUSTRADO DE LA MESA MEDIDAS: 73cm de alto x 130cm de di\u00e1metro C\u00d3DIGO: 7205-7348<\/p>\n","protected":false},"author":1,"featured_media":29006,"comment_status":"open","ping_status":"open","sticky":false,"template":"","format":"standard","meta":{"footnotes":""},"categories":[9],"tags":[],"class_list":["post-29005","post","type-post","status-publish","format-standard","has-post-thumbnail","hentry","category-mesas"],"_links":{"self":[{"href":"http:\/\/www.elkindeco.com\/index.php?rest_route=\/wp\/v2\/posts\/29005","targetHints":{"allow":["GET"]}}],"collection":[{"href":"http:\/\/www.elkindeco.com\/index.php?rest_route=\/wp\/v2\/posts"}],"about":[{"href":"http:\/\/www.elkindeco.com\/index.php?rest_route=\/wp\/v2\/types\/post"}],"author":[{"embeddable":true,"href":"http:\/\/www.elkindeco.com\/index.php?rest_route=\/wp\/v2\/users\/1"}],"replies":[{"embeddable":true,"href":"http:\/\/www.elkindeco.com\/index.php?rest_route=%2Fwp%2Fv2%2Fcomments&post=29005"}],"version-history":[{"count":0,"href":"http:\/\/www.elkindeco.com\/index.php?rest_route=\/wp\/v2\/posts\/29005\/revisions"}],"wp:featuredmedia":[{"embeddable":true,"href":"http:\/\/www.elkindeco.com\/index.php?rest_route=\/wp\/v2\/media\/29006"}],"wp:attachment":[{"href":"http:\/\/www.elkindeco.com\/index.php?rest_route=%2Fwp%2Fv2%2Fmedia&parent=29005"}],"wp:term":[{"taxonomy":"category","embeddable":true,"href":"http:\/\/www.elkindeco.com\/index.php?rest_route=%2Fwp%2Fv2%2Fcategories&post=29005"},{"taxonomy":"post_tag","embeddable":true,"href":"http:\/\/www.elkindeco.com\/index.php?rest_route=%2Fwp%2Fv2%2Ftags&post=29005"}],"curies":[{"name":"wp","href":"https:\/\/api.w.org\/{rel}","templated":true}]}}