{"id":29379,"date":"2017-10-21T13:18:01","date_gmt":"2017-10-21T16:18:01","guid":{"rendered":"http:\/\/www.elkindeco.com\/web\/?p=29379"},"modified":"2017-10-21T13:18:01","modified_gmt":"2017-10-21T16:18:01","slug":"par-de-mesas-de-luz-marmol-estilo-frances-luis-xvi","status":"publish","type":"post","link":"http:\/\/www.elkindeco.com\/?p=29379","title":{"rendered":"Par De Mesas De Luz Marmol Estilo Frances Luis Xvi"},"content":{"rendered":"<p><img loading=\"lazy\" decoding=\"async\" class=\"alignnone size-full wp-image-29380\" src=\"http:\/\/www.elkindeco.com\/web\/wp-content\/uploads\/2017\/10\/8097-8145-1.jpg\" alt=\"8097-8145\" width=\"640\" height=\"480\" srcset=\"http:\/\/www.elkindeco.com\/web\/wp-content\/uploads\/2017\/10\/8097-8145-1.jpg 640w, http:\/\/www.elkindeco.com\/web\/wp-content\/uploads\/2017\/10\/8097-8145-1-175x131.jpg 175w\" sizes=\"auto, (max-width: 640px) 100vw, 640px\" \/><\/p>\n<p><img loading=\"lazy\" decoding=\"async\" class=\"alignnone size-full wp-image-29381\" src=\"http:\/\/www.elkindeco.com\/web\/wp-content\/uploads\/2017\/10\/8097-8145_1-1.jpg\" alt=\"8097-8145_1\" width=\"480\" height=\"640\" srcset=\"http:\/\/www.elkindeco.com\/web\/wp-content\/uploads\/2017\/10\/8097-8145_1-1.jpg 480w, http:\/\/www.elkindeco.com\/web\/wp-content\/uploads\/2017\/10\/8097-8145_1-1-360x480.jpg 360w, http:\/\/www.elkindeco.com\/web\/wp-content\/uploads\/2017\/10\/8097-8145_1-1-98x131.jpg 98w\" sizes=\"auto, (max-width: 480px) 100vw, 480px\" \/><\/p>\n<p>&nbsp;<\/p>\n<p>&#8211; Par de mesas de luz estilo franc\u00e9s Luis XVI con tapa de m\u00e1rmol<br \/>\n&#8211; Son ideales para embellecer de forma \u00fanica su dormitorio<br \/>\n&#8211; Precio promocional exclusivo para Internet POR EL PAR!<\/p>\n<p>MEDIDAS: 62cm de alto x 51cm de ancho x 34cm de profundidad<\/p>\n<p>C\u00d3DIGO: 8097-8145<\/p>\n","protected":false},"excerpt":{"rendered":"<p>&nbsp; &#8211; Par de mesas de luz estilo franc\u00e9s Luis XVI con tapa de m\u00e1rmol &#8211; Son ideales para embellecer de forma \u00fanica su dormitorio &#8211; Precio promocional exclusivo para Internet POR EL PAR! MEDIDAS: 62cm de alto x 51cm de ancho x 34cm de profundidad C\u00d3DIGO: 8097-8145<\/p>\n","protected":false},"author":1,"featured_media":29380,"comment_status":"open","ping_status":"open","sticky":false,"template":"","format":"standard","meta":{"footnotes":""},"categories":[25],"tags":[],"class_list":["post-29379","post","type-post","status-publish","format-standard","has-post-thumbnail","hentry","category-mesas-de-luz"],"_links":{"self":[{"href":"http:\/\/www.elkindeco.com\/index.php?rest_route=\/wp\/v2\/posts\/29379","targetHints":{"allow":["GET"]}}],"collection":[{"href":"http:\/\/www.elkindeco.com\/index.php?rest_route=\/wp\/v2\/posts"}],"about":[{"href":"http:\/\/www.elkindeco.com\/index.php?rest_route=\/wp\/v2\/types\/post"}],"author":[{"embeddable":true,"href":"http:\/\/www.elkindeco.com\/index.php?rest_route=\/wp\/v2\/users\/1"}],"replies":[{"embeddable":true,"href":"http:\/\/www.elkindeco.com\/index.php?rest_route=%2Fwp%2Fv2%2Fcomments&post=29379"}],"version-history":[{"count":0,"href":"http:\/\/www.elkindeco.com\/index.php?rest_route=\/wp\/v2\/posts\/29379\/revisions"}],"wp:featuredmedia":[{"embeddable":true,"href":"http:\/\/www.elkindeco.com\/index.php?rest_route=\/wp\/v2\/media\/29380"}],"wp:attachment":[{"href":"http:\/\/www.elkindeco.com\/index.php?rest_route=%2Fwp%2Fv2%2Fmedia&parent=29379"}],"wp:term":[{"taxonomy":"category","embeddable":true,"href":"http:\/\/www.elkindeco.com\/index.php?rest_route=%2Fwp%2Fv2%2Fcategories&post=29379"},{"taxonomy":"post_tag","embeddable":true,"href":"http:\/\/www.elkindeco.com\/index.php?rest_route=%2Fwp%2Fv2%2Ftags&post=29379"}],"curies":[{"name":"wp","href":"https:\/\/api.w.org\/{rel}","templated":true}]}}