{"id":30206,"date":"2018-05-21T17:27:10","date_gmt":"2018-05-21T20:27:10","guid":{"rendered":"http:\/\/www.elkindeco.com\/web\/?p=30206"},"modified":"2018-05-21T17:27:10","modified_gmt":"2018-05-21T20:27:10","slug":"mesa-centro-art-deco-con-tapa-plegable-espejo","status":"publish","type":"post","link":"http:\/\/www.elkindeco.com\/?p=30206","title":{"rendered":"MESA CENTRO ART DECO CON TAPA PLEGABLE ESPEJO"},"content":{"rendered":"<p><img loading=\"lazy\" decoding=\"async\" class=\"alignnone size-full wp-image-30207\" src=\"http:\/\/www.elkindeco.com\/web\/wp-content\/uploads\/2018\/05\/IMG_9647.jpg\" alt=\"IMG_9647\" width=\"720\" height=\"479\" srcset=\"http:\/\/www.elkindeco.com\/web\/wp-content\/uploads\/2018\/05\/IMG_9647.jpg 720w, http:\/\/www.elkindeco.com\/web\/wp-content\/uploads\/2018\/05\/IMG_9647-196x131.jpg 196w\" sizes=\"auto, (max-width: 720px) 100vw, 720px\" \/> <img loading=\"lazy\" decoding=\"async\" class=\"alignnone size-full wp-image-30208\" src=\"http:\/\/www.elkindeco.com\/web\/wp-content\/uploads\/2018\/05\/IMG_9649.jpg\" alt=\"IMG_9649\" width=\"479\" height=\"720\" srcset=\"http:\/\/www.elkindeco.com\/web\/wp-content\/uploads\/2018\/05\/IMG_9649.jpg 479w, http:\/\/www.elkindeco.com\/web\/wp-content\/uploads\/2018\/05\/IMG_9649-319x480.jpg 319w, http:\/\/www.elkindeco.com\/web\/wp-content\/uploads\/2018\/05\/IMG_9649-87x131.jpg 87w\" sizes=\"auto, (max-width: 479px) 100vw, 479px\" \/> <img loading=\"lazy\" decoding=\"async\" class=\"alignnone size-full wp-image-30209\" src=\"http:\/\/www.elkindeco.com\/web\/wp-content\/uploads\/2018\/05\/IMG_9650.jpg\" alt=\"IMG_9650\" width=\"720\" height=\"479\" srcset=\"http:\/\/www.elkindeco.com\/web\/wp-content\/uploads\/2018\/05\/IMG_9650.jpg 720w, http:\/\/www.elkindeco.com\/web\/wp-content\/uploads\/2018\/05\/IMG_9650-196x131.jpg 196w\" sizes=\"auto, (max-width: 720px) 100vw, 720px\" \/> <img loading=\"lazy\" decoding=\"async\" class=\"alignnone size-full wp-image-30210\" src=\"http:\/\/www.elkindeco.com\/web\/wp-content\/uploads\/2018\/05\/IMG_9652.jpg\" alt=\"IMG_9652\" width=\"720\" height=\"480\" srcset=\"http:\/\/www.elkindeco.com\/web\/wp-content\/uploads\/2018\/05\/IMG_9652.jpg 720w, http:\/\/www.elkindeco.com\/web\/wp-content\/uploads\/2018\/05\/IMG_9652-196x131.jpg 196w\" sizes=\"auto, (max-width: 720px) 100vw, 720px\" \/><\/p>\n<p>&nbsp;<\/p>\n<p>&#8211; Espectacular mesa centro estilo Art Dec\u00f3 doble plano con tapa plegable y espejo<br \/>\n&#8211; De calidad excepcional, es ideal para embellecer de forma \u00fanica cualquier ambiente de su hogar<\/p>\n<p>MEDIDAS: 65CM de alto x 110CM DE ANCHO X 40CM PROF CERRADA Y 100CM PROF ABIERTA<\/p>\n<p>C\u00d3DIGO: 8125-5050<\/p>\n","protected":false},"excerpt":{"rendered":"<p>&nbsp; &#8211; Espectacular mesa centro estilo Art Dec\u00f3 doble plano con tapa plegable y espejo &#8211; De calidad excepcional, es ideal para embellecer de forma \u00fanica cualquier ambiente de su hogar MEDIDAS: 65CM de alto x 110CM DE ANCHO X 40CM PROF CERRADA Y 100CM PROF ABIERTA C\u00d3DIGO: 8125-5050<\/p>\n","protected":false},"author":1,"featured_media":30207,"comment_status":"open","ping_status":"open","sticky":false,"template":"","format":"standard","meta":{"footnotes":""},"categories":[9],"tags":[],"class_list":["post-30206","post","type-post","status-publish","format-standard","has-post-thumbnail","hentry","category-mesas"],"_links":{"self":[{"href":"http:\/\/www.elkindeco.com\/index.php?rest_route=\/wp\/v2\/posts\/30206","targetHints":{"allow":["GET"]}}],"collection":[{"href":"http:\/\/www.elkindeco.com\/index.php?rest_route=\/wp\/v2\/posts"}],"about":[{"href":"http:\/\/www.elkindeco.com\/index.php?rest_route=\/wp\/v2\/types\/post"}],"author":[{"embeddable":true,"href":"http:\/\/www.elkindeco.com\/index.php?rest_route=\/wp\/v2\/users\/1"}],"replies":[{"embeddable":true,"href":"http:\/\/www.elkindeco.com\/index.php?rest_route=%2Fwp%2Fv2%2Fcomments&post=30206"}],"version-history":[{"count":0,"href":"http:\/\/www.elkindeco.com\/index.php?rest_route=\/wp\/v2\/posts\/30206\/revisions"}],"wp:featuredmedia":[{"embeddable":true,"href":"http:\/\/www.elkindeco.com\/index.php?rest_route=\/wp\/v2\/media\/30207"}],"wp:attachment":[{"href":"http:\/\/www.elkindeco.com\/index.php?rest_route=%2Fwp%2Fv2%2Fmedia&parent=30206"}],"wp:term":[{"taxonomy":"category","embeddable":true,"href":"http:\/\/www.elkindeco.com\/index.php?rest_route=%2Fwp%2Fv2%2Fcategories&post=30206"},{"taxonomy":"post_tag","embeddable":true,"href":"http:\/\/www.elkindeco.com\/index.php?rest_route=%2Fwp%2Fv2%2Ftags&post=30206"}],"curies":[{"name":"wp","href":"https:\/\/api.w.org\/{rel}","templated":true}]}}