{"id":30240,"date":"2018-06-08T12:16:31","date_gmt":"2018-06-08T15:16:31","guid":{"rendered":"http:\/\/www.elkindeco.com\/web\/?p=30240"},"modified":"2018-06-08T12:16:31","modified_gmt":"2018-06-08T15:16:31","slug":"par-de-mesas-de-luz-estilo-frances-luis-xvi-marmol-51","status":"publish","type":"post","link":"http:\/\/www.elkindeco.com\/?p=30240","title":{"rendered":"Par De Mesas De Luz Estilo Frances Luis Xvi Marmol"},"content":{"rendered":"<p><img loading=\"lazy\" decoding=\"async\" class=\"alignnone size-full wp-image-30241\" src=\"http:\/\/www.elkindeco.com\/web\/wp-content\/uploads\/2018\/06\/7213-7983.jpg\" alt=\"7213-7983\" width=\"720\" height=\"480\" srcset=\"http:\/\/www.elkindeco.com\/web\/wp-content\/uploads\/2018\/06\/7213-7983.jpg 720w, http:\/\/www.elkindeco.com\/web\/wp-content\/uploads\/2018\/06\/7213-7983-196x131.jpg 196w\" sizes=\"auto, (max-width: 720px) 100vw, 720px\" \/> <img loading=\"lazy\" decoding=\"async\" class=\"alignnone size-full wp-image-30242\" src=\"http:\/\/www.elkindeco.com\/web\/wp-content\/uploads\/2018\/06\/7213-7983_1.jpg\" alt=\"7213-7983_1\" width=\"720\" height=\"480\" srcset=\"http:\/\/www.elkindeco.com\/web\/wp-content\/uploads\/2018\/06\/7213-7983_1.jpg 720w, http:\/\/www.elkindeco.com\/web\/wp-content\/uploads\/2018\/06\/7213-7983_1-196x131.jpg 196w\" sizes=\"auto, (max-width: 720px) 100vw, 720px\" \/> <img loading=\"lazy\" decoding=\"async\" class=\"alignnone size-full wp-image-30243\" src=\"http:\/\/www.elkindeco.com\/web\/wp-content\/uploads\/2018\/06\/7213-7983_2.jpg\" alt=\"7213-7983_2\" width=\"480\" height=\"720\" srcset=\"http:\/\/www.elkindeco.com\/web\/wp-content\/uploads\/2018\/06\/7213-7983_2.jpg 480w, http:\/\/www.elkindeco.com\/web\/wp-content\/uploads\/2018\/06\/7213-7983_2-320x480.jpg 320w, http:\/\/www.elkindeco.com\/web\/wp-content\/uploads\/2018\/06\/7213-7983_2-87x131.jpg 87w\" sizes=\"auto, (max-width: 480px) 100vw, 480px\" \/> <img loading=\"lazy\" decoding=\"async\" class=\"alignnone size-full wp-image-30244\" src=\"http:\/\/www.elkindeco.com\/web\/wp-content\/uploads\/2018\/06\/7213-7983_3.jpg\" alt=\"7213-7983_3\" width=\"720\" height=\"480\" srcset=\"http:\/\/www.elkindeco.com\/web\/wp-content\/uploads\/2018\/06\/7213-7983_3.jpg 720w, http:\/\/www.elkindeco.com\/web\/wp-content\/uploads\/2018\/06\/7213-7983_3-196x131.jpg 196w\" sizes=\"auto, (max-width: 720px) 100vw, 720px\" \/><\/p>\n<p>&nbsp;<\/p>\n<p>-Par de mesas de luz estilo franc\u00e9s Luis XVI con tapa de m\u00e1rmol<br \/>\n-Son ideales para embellecer de forma \u00fanica su dormitorio<\/p>\n<p>MEDIDAS<br \/>\nALTO 0.64m<br \/>\nANCHO 0.52m<br \/>\nPROFUNDIDAD 0.31m<\/p>\n<p>C\u00d3DIGO: 7213-7983<\/p>\n","protected":false},"excerpt":{"rendered":"<p>&nbsp; -Par de mesas de luz estilo franc\u00e9s Luis XVI con tapa de m\u00e1rmol -Son ideales para embellecer de forma \u00fanica su dormitorio MEDIDAS ALTO 0.64m ANCHO 0.52m PROFUNDIDAD 0.31m C\u00d3DIGO: 7213-7983<\/p>\n","protected":false},"author":1,"featured_media":30241,"comment_status":"open","ping_status":"open","sticky":false,"template":"","format":"standard","meta":{"footnotes":""},"categories":[25],"tags":[],"class_list":["post-30240","post","type-post","status-publish","format-standard","has-post-thumbnail","hentry","category-mesas-de-luz"],"_links":{"self":[{"href":"http:\/\/www.elkindeco.com\/index.php?rest_route=\/wp\/v2\/posts\/30240","targetHints":{"allow":["GET"]}}],"collection":[{"href":"http:\/\/www.elkindeco.com\/index.php?rest_route=\/wp\/v2\/posts"}],"about":[{"href":"http:\/\/www.elkindeco.com\/index.php?rest_route=\/wp\/v2\/types\/post"}],"author":[{"embeddable":true,"href":"http:\/\/www.elkindeco.com\/index.php?rest_route=\/wp\/v2\/users\/1"}],"replies":[{"embeddable":true,"href":"http:\/\/www.elkindeco.com\/index.php?rest_route=%2Fwp%2Fv2%2Fcomments&post=30240"}],"version-history":[{"count":0,"href":"http:\/\/www.elkindeco.com\/index.php?rest_route=\/wp\/v2\/posts\/30240\/revisions"}],"wp:featuredmedia":[{"embeddable":true,"href":"http:\/\/www.elkindeco.com\/index.php?rest_route=\/wp\/v2\/media\/30241"}],"wp:attachment":[{"href":"http:\/\/www.elkindeco.com\/index.php?rest_route=%2Fwp%2Fv2%2Fmedia&parent=30240"}],"wp:term":[{"taxonomy":"category","embeddable":true,"href":"http:\/\/www.elkindeco.com\/index.php?rest_route=%2Fwp%2Fv2%2Fcategories&post=30240"},{"taxonomy":"post_tag","embeddable":true,"href":"http:\/\/www.elkindeco.com\/index.php?rest_route=%2Fwp%2Fv2%2Ftags&post=30240"}],"curies":[{"name":"wp","href":"https:\/\/api.w.org\/{rel}","templated":true}]}}