{"id":30387,"date":"2018-07-24T18:19:34","date_gmt":"2018-07-24T21:19:34","guid":{"rendered":"http:\/\/www.elkindeco.com\/web\/?p=30387"},"modified":"2018-07-24T18:19:34","modified_gmt":"2018-07-24T21:19:34","slug":"sofa-sillon-frances-luis-xvi-de-2-cuerpos-canape","status":"publish","type":"post","link":"http:\/\/www.elkindeco.com\/?p=30387","title":{"rendered":"Sofa Sillon Frances Luis XVI De 2 Cuerpos Canap\u00e9"},"content":{"rendered":"<p><img loading=\"lazy\" decoding=\"async\" class=\"alignnone size-full wp-image-30388\" src=\"http:\/\/www.elkindeco.com\/web\/wp-content\/uploads\/2018\/07\/7124-8012.jpg\" alt=\"7124-8012\" width=\"720\" height=\"480\" srcset=\"http:\/\/www.elkindeco.com\/web\/wp-content\/uploads\/2018\/07\/7124-8012.jpg 720w, http:\/\/www.elkindeco.com\/web\/wp-content\/uploads\/2018\/07\/7124-8012-196x131.jpg 196w\" sizes=\"auto, (max-width: 720px) 100vw, 720px\" \/> <img loading=\"lazy\" decoding=\"async\" class=\"alignnone size-full wp-image-30389\" src=\"http:\/\/www.elkindeco.com\/web\/wp-content\/uploads\/2018\/07\/7124-8012_1.jpg\" alt=\"7124-8012_1\" width=\"480\" height=\"720\" srcset=\"http:\/\/www.elkindeco.com\/web\/wp-content\/uploads\/2018\/07\/7124-8012_1.jpg 480w, http:\/\/www.elkindeco.com\/web\/wp-content\/uploads\/2018\/07\/7124-8012_1-320x480.jpg 320w, http:\/\/www.elkindeco.com\/web\/wp-content\/uploads\/2018\/07\/7124-8012_1-87x131.jpg 87w\" sizes=\"auto, (max-width: 480px) 100vw, 480px\" \/> <img loading=\"lazy\" decoding=\"async\" class=\"alignnone size-full wp-image-30390\" src=\"http:\/\/www.elkindeco.com\/web\/wp-content\/uploads\/2018\/07\/7124-8012_2.jpg\" alt=\"7124-8012_2\" width=\"720\" height=\"480\" srcset=\"http:\/\/www.elkindeco.com\/web\/wp-content\/uploads\/2018\/07\/7124-8012_2.jpg 720w, http:\/\/www.elkindeco.com\/web\/wp-content\/uploads\/2018\/07\/7124-8012_2-196x131.jpg 196w\" sizes=\"auto, (max-width: 720px) 100vw, 720px\" \/><\/p>\n<p>&nbsp;<\/p>\n<p>Sof\u00e1 de 2 cuerpos estilo franc\u00e9s Luis XVI de living tipo canap\u00e9<br \/>\nEs ideal para embellecer de forma \u00fanica cualquier ambiente de su hogar<br \/>\nEl tapizado es antiguo &#8211; consultar por retapizado, precios convenientes<\/p>\n<p>MEDIDAS: Alto 0.XXm \/ Ancho 1.XXm \/ Fondo 0.XXm<\/p>\n<p>C\u00d3DIGO: 7124-8012<\/p>\n","protected":false},"excerpt":{"rendered":"<p>&nbsp; Sof\u00e1 de 2 cuerpos estilo franc\u00e9s Luis XVI de living tipo canap\u00e9 Es ideal para embellecer de forma \u00fanica cualquier ambiente de su hogar El tapizado es antiguo &#8211; consultar por retapizado, precios convenientes MEDIDAS: Alto 0.XXm \/ Ancho 1.XXm \/ Fondo 0.XXm C\u00d3DIGO: 7124-8012<\/p>\n","protected":false},"author":1,"featured_media":30388,"comment_status":"open","ping_status":"open","sticky":false,"template":"","format":"standard","meta":{"footnotes":""},"categories":[3],"tags":[],"class_list":["post-30387","post","type-post","status-publish","format-standard","has-post-thumbnail","hentry","category-sillones"],"_links":{"self":[{"href":"http:\/\/www.elkindeco.com\/index.php?rest_route=\/wp\/v2\/posts\/30387","targetHints":{"allow":["GET"]}}],"collection":[{"href":"http:\/\/www.elkindeco.com\/index.php?rest_route=\/wp\/v2\/posts"}],"about":[{"href":"http:\/\/www.elkindeco.com\/index.php?rest_route=\/wp\/v2\/types\/post"}],"author":[{"embeddable":true,"href":"http:\/\/www.elkindeco.com\/index.php?rest_route=\/wp\/v2\/users\/1"}],"replies":[{"embeddable":true,"href":"http:\/\/www.elkindeco.com\/index.php?rest_route=%2Fwp%2Fv2%2Fcomments&post=30387"}],"version-history":[{"count":0,"href":"http:\/\/www.elkindeco.com\/index.php?rest_route=\/wp\/v2\/posts\/30387\/revisions"}],"wp:featuredmedia":[{"embeddable":true,"href":"http:\/\/www.elkindeco.com\/index.php?rest_route=\/wp\/v2\/media\/30388"}],"wp:attachment":[{"href":"http:\/\/www.elkindeco.com\/index.php?rest_route=%2Fwp%2Fv2%2Fmedia&parent=30387"}],"wp:term":[{"taxonomy":"category","embeddable":true,"href":"http:\/\/www.elkindeco.com\/index.php?rest_route=%2Fwp%2Fv2%2Fcategories&post=30387"},{"taxonomy":"post_tag","embeddable":true,"href":"http:\/\/www.elkindeco.com\/index.php?rest_route=%2Fwp%2Fv2%2Ftags&post=30387"}],"curies":[{"name":"wp","href":"https:\/\/api.w.org\/{rel}","templated":true}]}}