{"id":30399,"date":"2018-07-24T18:27:31","date_gmt":"2018-07-24T21:27:31","guid":{"rendered":"http:\/\/www.elkindeco.com\/web\/?p=30399"},"modified":"2018-07-24T18:27:31","modified_gmt":"2018-07-24T21:27:31","slug":"par-de-mesas-de-sala-frances-luis-xvi-medialuna-demilux","status":"publish","type":"post","link":"http:\/\/www.elkindeco.com\/?p=30399","title":{"rendered":"PAR DE MESAS DE SALA FRANCES LUIS XVI MEDIALUNA DEMILUX"},"content":{"rendered":"<p><img loading=\"lazy\" decoding=\"async\" class=\"alignnone size-full wp-image-30400\" src=\"http:\/\/www.elkindeco.com\/web\/wp-content\/uploads\/2018\/07\/7214-8007.jpg\" alt=\"7214-8007\" width=\"720\" height=\"480\" srcset=\"http:\/\/www.elkindeco.com\/web\/wp-content\/uploads\/2018\/07\/7214-8007.jpg 720w, http:\/\/www.elkindeco.com\/web\/wp-content\/uploads\/2018\/07\/7214-8007-196x131.jpg 196w\" sizes=\"auto, (max-width: 720px) 100vw, 720px\" \/> <img loading=\"lazy\" decoding=\"async\" class=\"alignnone size-full wp-image-30401\" src=\"http:\/\/www.elkindeco.com\/web\/wp-content\/uploads\/2018\/07\/7214-8007_1.jpg\" alt=\"7214-8007_1\" width=\"480\" height=\"720\" srcset=\"http:\/\/www.elkindeco.com\/web\/wp-content\/uploads\/2018\/07\/7214-8007_1.jpg 480w, http:\/\/www.elkindeco.com\/web\/wp-content\/uploads\/2018\/07\/7214-8007_1-320x480.jpg 320w, http:\/\/www.elkindeco.com\/web\/wp-content\/uploads\/2018\/07\/7214-8007_1-87x131.jpg 87w\" sizes=\"auto, (max-width: 480px) 100vw, 480px\" \/><\/p>\n<p><img loading=\"lazy\" decoding=\"async\" class=\"alignnone size-full wp-image-30402\" src=\"http:\/\/www.elkindeco.com\/web\/wp-content\/uploads\/2018\/07\/7214-8007_2.jpg\" alt=\"7214-8007_2\" width=\"480\" height=\"720\" srcset=\"http:\/\/www.elkindeco.com\/web\/wp-content\/uploads\/2018\/07\/7214-8007_2.jpg 480w, http:\/\/www.elkindeco.com\/web\/wp-content\/uploads\/2018\/07\/7214-8007_2-320x480.jpg 320w, http:\/\/www.elkindeco.com\/web\/wp-content\/uploads\/2018\/07\/7214-8007_2-87x131.jpg 87w\" sizes=\"auto, (max-width: 480px) 100vw, 480px\" \/><\/p>\n<p>&nbsp;<\/p>\n<p>-Par de mesas de sala estilo franc\u00e9s Luis XVI medialuna con tapa de m\u00e1rmol<br \/>\n-Son ideales para embellecer de forma \u00fanica su sala, living o dormitorio<\/p>\n<p>MEDIDAS<br \/>\nALTO 0.74m<br \/>\nANCHO 0.47m<br \/>\nPROFUNDIDAD 0.29m<\/p>\n<p>C\u00d3DIGO: 7214-8007<\/p>\n","protected":false},"excerpt":{"rendered":"<p>&nbsp; -Par de mesas de sala estilo franc\u00e9s Luis XVI medialuna con tapa de m\u00e1rmol -Son ideales para embellecer de forma \u00fanica su sala, living o dormitorio MEDIDAS ALTO 0.74m ANCHO 0.47m PROFUNDIDAD 0.29m C\u00d3DIGO: 7214-8007<\/p>\n","protected":false},"author":1,"featured_media":30400,"comment_status":"open","ping_status":"open","sticky":false,"template":"","format":"standard","meta":{"footnotes":""},"categories":[9,25],"tags":[],"class_list":["post-30399","post","type-post","status-publish","format-standard","has-post-thumbnail","hentry","category-mesas","category-mesas-de-luz"],"_links":{"self":[{"href":"http:\/\/www.elkindeco.com\/index.php?rest_route=\/wp\/v2\/posts\/30399","targetHints":{"allow":["GET"]}}],"collection":[{"href":"http:\/\/www.elkindeco.com\/index.php?rest_route=\/wp\/v2\/posts"}],"about":[{"href":"http:\/\/www.elkindeco.com\/index.php?rest_route=\/wp\/v2\/types\/post"}],"author":[{"embeddable":true,"href":"http:\/\/www.elkindeco.com\/index.php?rest_route=\/wp\/v2\/users\/1"}],"replies":[{"embeddable":true,"href":"http:\/\/www.elkindeco.com\/index.php?rest_route=%2Fwp%2Fv2%2Fcomments&post=30399"}],"version-history":[{"count":0,"href":"http:\/\/www.elkindeco.com\/index.php?rest_route=\/wp\/v2\/posts\/30399\/revisions"}],"wp:featuredmedia":[{"embeddable":true,"href":"http:\/\/www.elkindeco.com\/index.php?rest_route=\/wp\/v2\/media\/30400"}],"wp:attachment":[{"href":"http:\/\/www.elkindeco.com\/index.php?rest_route=%2Fwp%2Fv2%2Fmedia&parent=30399"}],"wp:term":[{"taxonomy":"category","embeddable":true,"href":"http:\/\/www.elkindeco.com\/index.php?rest_route=%2Fwp%2Fv2%2Fcategories&post=30399"},{"taxonomy":"post_tag","embeddable":true,"href":"http:\/\/www.elkindeco.com\/index.php?rest_route=%2Fwp%2Fv2%2Ftags&post=30399"}],"curies":[{"name":"wp","href":"https:\/\/api.w.org\/{rel}","templated":true}]}}