{"id":31181,"date":"2018-11-05T14:48:15","date_gmt":"2018-11-05T17:48:15","guid":{"rendered":"http:\/\/www.elkindeco.com\/?p=31181"},"modified":"2018-11-05T14:48:15","modified_gmt":"2018-11-05T17:48:15","slug":"par-de-mesas-de-luz-estilo-frances-luis-xvi-marmol-53","status":"publish","type":"post","link":"http:\/\/www.elkindeco.com\/?p=31181","title":{"rendered":"Par De Mesas De Luz Estilo Frances Luis Xvi Marmol"},"content":{"rendered":"<p><img loading=\"lazy\" decoding=\"async\" class=\"alignnone size-full wp-image-31182\" src=\"http:\/\/www.elkindeco.com\/web\/wp-content\/uploads\/2018\/11\/8132-5143.jpg\" alt=\"\" width=\"720\" height=\"480\" srcset=\"http:\/\/www.elkindeco.com\/web\/wp-content\/uploads\/2018\/11\/8132-5143.jpg 720w, http:\/\/www.elkindeco.com\/web\/wp-content\/uploads\/2018\/11\/8132-5143-196x131.jpg 196w\" sizes=\"auto, (max-width: 720px) 100vw, 720px\" \/> <img loading=\"lazy\" decoding=\"async\" class=\"alignnone size-full wp-image-31183\" src=\"http:\/\/www.elkindeco.com\/web\/wp-content\/uploads\/2018\/11\/8132-5143_1.jpg\" alt=\"\" width=\"480\" height=\"720\" srcset=\"http:\/\/www.elkindeco.com\/web\/wp-content\/uploads\/2018\/11\/8132-5143_1.jpg 480w, http:\/\/www.elkindeco.com\/web\/wp-content\/uploads\/2018\/11\/8132-5143_1-320x480.jpg 320w, http:\/\/www.elkindeco.com\/web\/wp-content\/uploads\/2018\/11\/8132-5143_1-87x131.jpg 87w\" sizes=\"auto, (max-width: 480px) 100vw, 480px\" \/><\/p>\n<p><img loading=\"lazy\" decoding=\"async\" class=\"alignnone size-full wp-image-31184\" src=\"http:\/\/www.elkindeco.com\/web\/wp-content\/uploads\/2018\/11\/8132-5143_2.jpg\" alt=\"\" width=\"480\" height=\"720\" srcset=\"http:\/\/www.elkindeco.com\/web\/wp-content\/uploads\/2018\/11\/8132-5143_2.jpg 480w, http:\/\/www.elkindeco.com\/web\/wp-content\/uploads\/2018\/11\/8132-5143_2-320x480.jpg 320w, http:\/\/www.elkindeco.com\/web\/wp-content\/uploads\/2018\/11\/8132-5143_2-87x131.jpg 87w\" sizes=\"auto, (max-width: 480px) 100vw, 480px\" \/> <img loading=\"lazy\" decoding=\"async\" class=\"alignnone size-full wp-image-31185\" src=\"http:\/\/www.elkindeco.com\/web\/wp-content\/uploads\/2018\/11\/IMG_1286.jpg\" alt=\"\" width=\"720\" height=\"480\" srcset=\"http:\/\/www.elkindeco.com\/web\/wp-content\/uploads\/2018\/11\/IMG_1286.jpg 720w, http:\/\/www.elkindeco.com\/web\/wp-content\/uploads\/2018\/11\/IMG_1286-196x131.jpg 196w\" sizes=\"auto, (max-width: 720px) 100vw, 720px\" \/> <img loading=\"lazy\" decoding=\"async\" class=\"alignnone size-full wp-image-31186\" src=\"http:\/\/www.elkindeco.com\/web\/wp-content\/uploads\/2018\/11\/IMG_1287.jpg\" alt=\"\" width=\"720\" height=\"480\" srcset=\"http:\/\/www.elkindeco.com\/web\/wp-content\/uploads\/2018\/11\/IMG_1287.jpg 720w, http:\/\/www.elkindeco.com\/web\/wp-content\/uploads\/2018\/11\/IMG_1287-196x131.jpg 196w\" sizes=\"auto, (max-width: 720px) 100vw, 720px\" \/><\/p>\n<p>&nbsp;<\/p>\n<p>-Par de mesas de luz estilo franc\u00e9s Luis XVI con tapa de m\u00e1rmol y trabajo de marqueter\u00eda<br \/>\n-Son ideales para embellecer de forma \u00fanica su dormitorio<\/p>\n<p>MEDIDAS: ALTO 0.61m \/ ANCHO 0.48m \/ PROFUNDIDAD 0.34m<\/p>\n<p>C\u00d3DIGO: 8132-5143<\/p>\n<p>&nbsp;<\/p>\n<p>&nbsp;<\/p>\n","protected":false},"excerpt":{"rendered":"<p>&nbsp; -Par de mesas de luz estilo franc\u00e9s Luis XVI con tapa de m\u00e1rmol y trabajo de marqueter\u00eda -Son ideales para embellecer de forma \u00fanica su dormitorio MEDIDAS: ALTO 0.61m \/ ANCHO 0.48m \/ PROFUNDIDAD 0.34m C\u00d3DIGO: 8132-5143 &nbsp; &nbsp;<\/p>\n","protected":false},"author":1,"featured_media":31182,"comment_status":"open","ping_status":"open","sticky":false,"template":"","format":"standard","meta":{"footnotes":""},"categories":[25],"tags":[],"class_list":["post-31181","post","type-post","status-publish","format-standard","has-post-thumbnail","hentry","category-mesas-de-luz"],"_links":{"self":[{"href":"http:\/\/www.elkindeco.com\/index.php?rest_route=\/wp\/v2\/posts\/31181","targetHints":{"allow":["GET"]}}],"collection":[{"href":"http:\/\/www.elkindeco.com\/index.php?rest_route=\/wp\/v2\/posts"}],"about":[{"href":"http:\/\/www.elkindeco.com\/index.php?rest_route=\/wp\/v2\/types\/post"}],"author":[{"embeddable":true,"href":"http:\/\/www.elkindeco.com\/index.php?rest_route=\/wp\/v2\/users\/1"}],"replies":[{"embeddable":true,"href":"http:\/\/www.elkindeco.com\/index.php?rest_route=%2Fwp%2Fv2%2Fcomments&post=31181"}],"version-history":[{"count":1,"href":"http:\/\/www.elkindeco.com\/index.php?rest_route=\/wp\/v2\/posts\/31181\/revisions"}],"predecessor-version":[{"id":31187,"href":"http:\/\/www.elkindeco.com\/index.php?rest_route=\/wp\/v2\/posts\/31181\/revisions\/31187"}],"wp:featuredmedia":[{"embeddable":true,"href":"http:\/\/www.elkindeco.com\/index.php?rest_route=\/wp\/v2\/media\/31182"}],"wp:attachment":[{"href":"http:\/\/www.elkindeco.com\/index.php?rest_route=%2Fwp%2Fv2%2Fmedia&parent=31181"}],"wp:term":[{"taxonomy":"category","embeddable":true,"href":"http:\/\/www.elkindeco.com\/index.php?rest_route=%2Fwp%2Fv2%2Fcategories&post=31181"},{"taxonomy":"post_tag","embeddable":true,"href":"http:\/\/www.elkindeco.com\/index.php?rest_route=%2Fwp%2Fv2%2Ftags&post=31181"}],"curies":[{"name":"wp","href":"https:\/\/api.w.org\/{rel}","templated":true}]}}