{"id":31430,"date":"2019-01-17T15:30:33","date_gmt":"2019-01-17T18:30:33","guid":{"rendered":"http:\/\/www.elkindeco.com\/?p=31430"},"modified":"2019-01-17T15:30:33","modified_gmt":"2019-01-17T18:30:33","slug":"espejo-estilo-frances-tallado-dorado-5","status":"publish","type":"post","link":"http:\/\/www.elkindeco.com\/?p=31430","title":{"rendered":"Espejo Estilo Frances Tallado Dorado"},"content":{"rendered":"<p><img loading=\"lazy\" decoding=\"async\" class=\"alignnone size-full wp-image-31440\" src=\"http:\/\/www.elkindeco.com\/web\/wp-content\/uploads\/2019\/01\/8134-5175-1.jpg\" alt=\"\" width=\"719\" height=\"480\" srcset=\"http:\/\/www.elkindeco.com\/web\/wp-content\/uploads\/2019\/01\/8134-5175-1.jpg 719w, http:\/\/www.elkindeco.com\/web\/wp-content\/uploads\/2019\/01\/8134-5175-1-196x131.jpg 196w\" sizes=\"auto, (max-width: 719px) 100vw, 719px\" \/><\/p>\n<p><img loading=\"lazy\" decoding=\"async\" class=\"alignnone size-full wp-image-31438\" src=\"http:\/\/www.elkindeco.com\/web\/wp-content\/uploads\/2019\/01\/8134-5175_1.jpg\" alt=\"\" width=\"720\" height=\"480\" srcset=\"http:\/\/www.elkindeco.com\/web\/wp-content\/uploads\/2019\/01\/8134-5175_1.jpg 720w, http:\/\/www.elkindeco.com\/web\/wp-content\/uploads\/2019\/01\/8134-5175_1-196x131.jpg 196w\" sizes=\"auto, (max-width: 720px) 100vw, 720px\" \/> <img loading=\"lazy\" decoding=\"async\" class=\"alignnone size-full wp-image-31439\" src=\"http:\/\/www.elkindeco.com\/web\/wp-content\/uploads\/2019\/01\/8134-5175_2.jpg\" alt=\"\" width=\"720\" height=\"480\" srcset=\"http:\/\/www.elkindeco.com\/web\/wp-content\/uploads\/2019\/01\/8134-5175_2.jpg 720w, http:\/\/www.elkindeco.com\/web\/wp-content\/uploads\/2019\/01\/8134-5175_2-196x131.jpg 196w\" sizes=\"auto, (max-width: 720px) 100vw, 720px\" \/><\/p>\n<p>&nbsp;<\/p>\n<p>&#8211; Espejo estilo franc\u00e9s dorado de sala<br \/>\n&#8211; Es ideal para embellecer de forma \u00fanica su sala, living o comedor<\/p>\n<p>MEDIDAS<br \/>\nALTO 200cm<br \/>\nANCHO 100cm<\/p>\n<p>C\u00d3DIGO: 8134-5175<\/p>\n","protected":false},"excerpt":{"rendered":"<p>&nbsp; &#8211; Espejo estilo franc\u00e9s dorado de sala &#8211; Es ideal para embellecer de forma \u00fanica su sala, living o comedor MEDIDAS ALTO 200cm ANCHO 100cm C\u00d3DIGO: 8134-5175<\/p>\n","protected":false},"author":1,"featured_media":31437,"comment_status":"open","ping_status":"open","sticky":false,"template":"","format":"standard","meta":{"footnotes":""},"categories":[27],"tags":[],"class_list":["post-31430","post","type-post","status-publish","format-standard","has-post-thumbnail","hentry","category-espejos"],"_links":{"self":[{"href":"http:\/\/www.elkindeco.com\/index.php?rest_route=\/wp\/v2\/posts\/31430","targetHints":{"allow":["GET"]}}],"collection":[{"href":"http:\/\/www.elkindeco.com\/index.php?rest_route=\/wp\/v2\/posts"}],"about":[{"href":"http:\/\/www.elkindeco.com\/index.php?rest_route=\/wp\/v2\/types\/post"}],"author":[{"embeddable":true,"href":"http:\/\/www.elkindeco.com\/index.php?rest_route=\/wp\/v2\/users\/1"}],"replies":[{"embeddable":true,"href":"http:\/\/www.elkindeco.com\/index.php?rest_route=%2Fwp%2Fv2%2Fcomments&post=31430"}],"version-history":[{"count":1,"href":"http:\/\/www.elkindeco.com\/index.php?rest_route=\/wp\/v2\/posts\/31430\/revisions"}],"predecessor-version":[{"id":31441,"href":"http:\/\/www.elkindeco.com\/index.php?rest_route=\/wp\/v2\/posts\/31430\/revisions\/31441"}],"wp:featuredmedia":[{"embeddable":true,"href":"http:\/\/www.elkindeco.com\/index.php?rest_route=\/wp\/v2\/media\/31437"}],"wp:attachment":[{"href":"http:\/\/www.elkindeco.com\/index.php?rest_route=%2Fwp%2Fv2%2Fmedia&parent=31430"}],"wp:term":[{"taxonomy":"category","embeddable":true,"href":"http:\/\/www.elkindeco.com\/index.php?rest_route=%2Fwp%2Fv2%2Fcategories&post=31430"},{"taxonomy":"post_tag","embeddable":true,"href":"http:\/\/www.elkindeco.com\/index.php?rest_route=%2Fwp%2Fv2%2Ftags&post=31430"}],"curies":[{"name":"wp","href":"https:\/\/api.w.org\/{rel}","templated":true}]}}