{"id":31999,"date":"2019-04-22T18:22:23","date_gmt":"2019-04-22T21:22:23","guid":{"rendered":"http:\/\/www.elkindeco.com\/?p=31999"},"modified":"2019-04-22T18:22:23","modified_gmt":"2019-04-22T21:22:23","slug":"par-de-mesas-de-luz-estilo-frances-luis-xvi-marmol-bronce-2","status":"publish","type":"post","link":"http:\/\/www.elkindeco.com\/?p=31999","title":{"rendered":"Par De Mesas De Luz  Estilo Frances Luis Xvi Marmol Bronce"},"content":{"rendered":"<p><img loading=\"lazy\" decoding=\"async\" class=\"alignnone size-full wp-image-32000\" src=\"http:\/\/www.elkindeco.com\/web\/wp-content\/uploads\/2019\/04\/8137-5234.jpg\" alt=\"\" width=\"720\" height=\"540\" srcset=\"http:\/\/www.elkindeco.com\/web\/wp-content\/uploads\/2019\/04\/8137-5234.jpg 720w, http:\/\/www.elkindeco.com\/web\/wp-content\/uploads\/2019\/04\/8137-5234-640x480.jpg 640w, http:\/\/www.elkindeco.com\/web\/wp-content\/uploads\/2019\/04\/8137-5234-175x131.jpg 175w\" sizes=\"auto, (max-width: 720px) 100vw, 720px\" \/> <img loading=\"lazy\" decoding=\"async\" class=\"alignnone size-full wp-image-32001\" src=\"http:\/\/www.elkindeco.com\/web\/wp-content\/uploads\/2019\/04\/8137-5234_1.jpg\" alt=\"\" width=\"540\" height=\"720\" srcset=\"http:\/\/www.elkindeco.com\/web\/wp-content\/uploads\/2019\/04\/8137-5234_1.jpg 540w, http:\/\/www.elkindeco.com\/web\/wp-content\/uploads\/2019\/04\/8137-5234_1-360x480.jpg 360w, http:\/\/www.elkindeco.com\/web\/wp-content\/uploads\/2019\/04\/8137-5234_1-98x131.jpg 98w\" sizes=\"auto, (max-width: 540px) 100vw, 540px\" \/> <img loading=\"lazy\" decoding=\"async\" class=\"alignnone size-full wp-image-32002\" src=\"http:\/\/www.elkindeco.com\/web\/wp-content\/uploads\/2019\/04\/8137-52342.jpg\" alt=\"\" width=\"720\" height=\"540\" srcset=\"http:\/\/www.elkindeco.com\/web\/wp-content\/uploads\/2019\/04\/8137-52342.jpg 720w, http:\/\/www.elkindeco.com\/web\/wp-content\/uploads\/2019\/04\/8137-52342-640x480.jpg 640w, http:\/\/www.elkindeco.com\/web\/wp-content\/uploads\/2019\/04\/8137-52342-175x131.jpg 175w\" sizes=\"auto, (max-width: 720px) 100vw, 720px\" \/><\/p>\n<p>&nbsp;<\/p>\n<p>-Par de mesas de luz estilo franc\u00e9s Luis XVI con tapa de m\u00e1rmol y baranda de bronce<br \/>\n-Son ideales para embellecer de forma \u00fanica su dormitorio<\/p>\n<p>MEDIDAS: ALTO 0.63m \/ ANCHO 0.37m \/ PROFUNDIDAD 0.27m<\/p>\n<p>C\u00d3DIGO: 8137-5234<\/p>\n","protected":false},"excerpt":{"rendered":"<p>&nbsp; -Par de mesas de luz estilo franc\u00e9s Luis XVI con tapa de m\u00e1rmol y baranda de bronce -Son ideales para embellecer de forma \u00fanica su dormitorio MEDIDAS: ALTO 0.63m \/ ANCHO 0.37m \/ PROFUNDIDAD 0.27m C\u00d3DIGO: 8137-5234<\/p>\n","protected":false},"author":1,"featured_media":32000,"comment_status":"open","ping_status":"open","sticky":false,"template":"","format":"standard","meta":{"footnotes":""},"categories":[25],"tags":[],"class_list":["post-31999","post","type-post","status-publish","format-standard","has-post-thumbnail","hentry","category-mesas-de-luz"],"_links":{"self":[{"href":"http:\/\/www.elkindeco.com\/index.php?rest_route=\/wp\/v2\/posts\/31999","targetHints":{"allow":["GET"]}}],"collection":[{"href":"http:\/\/www.elkindeco.com\/index.php?rest_route=\/wp\/v2\/posts"}],"about":[{"href":"http:\/\/www.elkindeco.com\/index.php?rest_route=\/wp\/v2\/types\/post"}],"author":[{"embeddable":true,"href":"http:\/\/www.elkindeco.com\/index.php?rest_route=\/wp\/v2\/users\/1"}],"replies":[{"embeddable":true,"href":"http:\/\/www.elkindeco.com\/index.php?rest_route=%2Fwp%2Fv2%2Fcomments&post=31999"}],"version-history":[{"count":1,"href":"http:\/\/www.elkindeco.com\/index.php?rest_route=\/wp\/v2\/posts\/31999\/revisions"}],"predecessor-version":[{"id":32003,"href":"http:\/\/www.elkindeco.com\/index.php?rest_route=\/wp\/v2\/posts\/31999\/revisions\/32003"}],"wp:featuredmedia":[{"embeddable":true,"href":"http:\/\/www.elkindeco.com\/index.php?rest_route=\/wp\/v2\/media\/32000"}],"wp:attachment":[{"href":"http:\/\/www.elkindeco.com\/index.php?rest_route=%2Fwp%2Fv2%2Fmedia&parent=31999"}],"wp:term":[{"taxonomy":"category","embeddable":true,"href":"http:\/\/www.elkindeco.com\/index.php?rest_route=%2Fwp%2Fv2%2Fcategories&post=31999"},{"taxonomy":"post_tag","embeddable":true,"href":"http:\/\/www.elkindeco.com\/index.php?rest_route=%2Fwp%2Fv2%2Ftags&post=31999"}],"curies":[{"name":"wp","href":"https:\/\/api.w.org\/{rel}","templated":true}]}}