{"id":32175,"date":"2019-05-14T14:50:17","date_gmt":"2019-05-14T17:50:17","guid":{"rendered":"http:\/\/www.elkindeco.com\/?p=32175"},"modified":"2019-05-14T14:50:17","modified_gmt":"2019-05-14T17:50:17","slug":"par-de-mesas-de-luz-estilo-frances-luis-xvi-marmol-56","status":"publish","type":"post","link":"http:\/\/www.elkindeco.com\/?p=32175","title":{"rendered":"Par De Mesas De Luz  Estilo Frances Luis Xvi Marmol"},"content":{"rendered":"<p><img loading=\"lazy\" decoding=\"async\" class=\"alignnone size-full wp-image-32176\" src=\"http:\/\/www.elkindeco.com\/web\/wp-content\/uploads\/2019\/05\/8140-5286.jpg\" alt=\"\" width=\"720\" height=\"540\" srcset=\"http:\/\/www.elkindeco.com\/web\/wp-content\/uploads\/2019\/05\/8140-5286.jpg 720w, http:\/\/www.elkindeco.com\/web\/wp-content\/uploads\/2019\/05\/8140-5286-640x480.jpg 640w, http:\/\/www.elkindeco.com\/web\/wp-content\/uploads\/2019\/05\/8140-5286-175x131.jpg 175w\" sizes=\"auto, (max-width: 720px) 100vw, 720px\" \/> <img loading=\"lazy\" decoding=\"async\" class=\"alignnone size-full wp-image-32177\" src=\"http:\/\/www.elkindeco.com\/web\/wp-content\/uploads\/2019\/05\/8140-5286_1.jpg\" alt=\"\" width=\"720\" height=\"540\" srcset=\"http:\/\/www.elkindeco.com\/web\/wp-content\/uploads\/2019\/05\/8140-5286_1.jpg 720w, http:\/\/www.elkindeco.com\/web\/wp-content\/uploads\/2019\/05\/8140-5286_1-640x480.jpg 640w, http:\/\/www.elkindeco.com\/web\/wp-content\/uploads\/2019\/05\/8140-5286_1-175x131.jpg 175w\" sizes=\"auto, (max-width: 720px) 100vw, 720px\" \/><\/p>\n<p>&nbsp;<\/p>\n<p>&#8211; Par de mesas de luz estilo franc\u00e9s Luis XVI con tapa de m\u00e1rmol<br \/>\n&#8211; Son ideales para embellecer de forma \u00fanica su dormitorio<\/p>\n<p>MEDIDAS: ALTO 0.61m \/ ANCHO 0.48m \/ PROFUNDIDAD 0.35m<\/p>\n<p>C\u00d3DIGO: 8140-5286<\/p>\n","protected":false},"excerpt":{"rendered":"<p>&nbsp; &#8211; Par de mesas de luz estilo franc\u00e9s Luis XVI con tapa de m\u00e1rmol &#8211; Son ideales para embellecer de forma \u00fanica su dormitorio MEDIDAS: ALTO 0.61m \/ ANCHO 0.48m \/ PROFUNDIDAD 0.35m C\u00d3DIGO: 8140-5286<\/p>\n","protected":false},"author":1,"featured_media":32176,"comment_status":"open","ping_status":"open","sticky":false,"template":"","format":"standard","meta":{"footnotes":""},"categories":[25],"tags":[],"class_list":["post-32175","post","type-post","status-publish","format-standard","has-post-thumbnail","hentry","category-mesas-de-luz"],"_links":{"self":[{"href":"http:\/\/www.elkindeco.com\/index.php?rest_route=\/wp\/v2\/posts\/32175","targetHints":{"allow":["GET"]}}],"collection":[{"href":"http:\/\/www.elkindeco.com\/index.php?rest_route=\/wp\/v2\/posts"}],"about":[{"href":"http:\/\/www.elkindeco.com\/index.php?rest_route=\/wp\/v2\/types\/post"}],"author":[{"embeddable":true,"href":"http:\/\/www.elkindeco.com\/index.php?rest_route=\/wp\/v2\/users\/1"}],"replies":[{"embeddable":true,"href":"http:\/\/www.elkindeco.com\/index.php?rest_route=%2Fwp%2Fv2%2Fcomments&post=32175"}],"version-history":[{"count":1,"href":"http:\/\/www.elkindeco.com\/index.php?rest_route=\/wp\/v2\/posts\/32175\/revisions"}],"predecessor-version":[{"id":32178,"href":"http:\/\/www.elkindeco.com\/index.php?rest_route=\/wp\/v2\/posts\/32175\/revisions\/32178"}],"wp:featuredmedia":[{"embeddable":true,"href":"http:\/\/www.elkindeco.com\/index.php?rest_route=\/wp\/v2\/media\/32176"}],"wp:attachment":[{"href":"http:\/\/www.elkindeco.com\/index.php?rest_route=%2Fwp%2Fv2%2Fmedia&parent=32175"}],"wp:term":[{"taxonomy":"category","embeddable":true,"href":"http:\/\/www.elkindeco.com\/index.php?rest_route=%2Fwp%2Fv2%2Fcategories&post=32175"},{"taxonomy":"post_tag","embeddable":true,"href":"http:\/\/www.elkindeco.com\/index.php?rest_route=%2Fwp%2Fv2%2Ftags&post=32175"}],"curies":[{"name":"wp","href":"https:\/\/api.w.org\/{rel}","templated":true}]}}