{"id":32203,"date":"2019-05-16T17:55:55","date_gmt":"2019-05-16T20:55:55","guid":{"rendered":"http:\/\/www.elkindeco.com\/?p=32203"},"modified":"2020-02-05T17:53:19","modified_gmt":"2020-02-05T20:53:19","slug":"sofa-estilo-frances-luis-xv-tapizado-a-nuevo-lino","status":"publish","type":"post","link":"http:\/\/www.elkindeco.com\/?p=32203","title":{"rendered":"Sofa Estilo Frances Luis Xv tapizado a nuevo lino"},"content":{"rendered":"<p><img loading=\"lazy\" decoding=\"async\" class=\"alignnone size-full wp-image-32207\" src=\"http:\/\/www.elkindeco.com\/web\/wp-content\/uploads\/2019\/05\/7129-2309.jpg\" alt=\"\" width=\"720\" height=\"480\" srcset=\"http:\/\/www.elkindeco.com\/web\/wp-content\/uploads\/2019\/05\/7129-2309.jpg 720w, http:\/\/www.elkindeco.com\/web\/wp-content\/uploads\/2019\/05\/7129-2309-196x131.jpg 196w\" sizes=\"auto, (max-width: 720px) 100vw, 720px\" \/><\/p>\n<p><img loading=\"lazy\" decoding=\"async\" class=\"alignnone size-full wp-image-32205\" src=\"http:\/\/www.elkindeco.com\/web\/wp-content\/uploads\/2019\/05\/7129-2309_1.jpg\" alt=\"\" width=\"540\" height=\"720\" srcset=\"http:\/\/www.elkindeco.com\/web\/wp-content\/uploads\/2019\/05\/7129-2309_1.jpg 540w, http:\/\/www.elkindeco.com\/web\/wp-content\/uploads\/2019\/05\/7129-2309_1-360x480.jpg 360w, http:\/\/www.elkindeco.com\/web\/wp-content\/uploads\/2019\/05\/7129-2309_1-98x131.jpg 98w\" sizes=\"auto, (max-width: 540px) 100vw, 540px\" \/> <img loading=\"lazy\" decoding=\"async\" class=\"alignnone size-full wp-image-32206\" src=\"http:\/\/www.elkindeco.com\/web\/wp-content\/uploads\/2019\/05\/7129-2309_2.jpg\" alt=\"\" width=\"720\" height=\"540\" srcset=\"http:\/\/www.elkindeco.com\/web\/wp-content\/uploads\/2019\/05\/7129-2309_2.jpg 720w, http:\/\/www.elkindeco.com\/web\/wp-content\/uploads\/2019\/05\/7129-2309_2-640x480.jpg 640w, http:\/\/www.elkindeco.com\/web\/wp-content\/uploads\/2019\/05\/7129-2309_2-175x131.jpg 175w\" sizes=\"auto, (max-width: 720px) 100vw, 720px\" \/><\/p>\n<p>&nbsp;<\/p>\n<p>Sof\u00e1 estilo franc\u00e9s Luis XV de 3 cuerpos retapizado a nuevo en lino<br \/>\nEs ideal para embellecer de forma \u00fanica su living o comedor<br \/>\nConsultar por retapizado<\/p>\n<p>MEDIDAS: ALTO 97cm \/ ANCHO 210cm \/ PROFUNDIDAD 80cm<\/p>\n<p>C\u00d3DIGO:<\/p>\n<p>&nbsp;<\/p>\n","protected":false},"excerpt":{"rendered":"<p>&nbsp; Sof\u00e1 estilo franc\u00e9s Luis XV de 3 cuerpos retapizado a nuevo en lino Es ideal para embellecer de forma \u00fanica su living o comedor Consultar por retapizado MEDIDAS: ALTO 97cm \/ ANCHO 210cm \/ PROFUNDIDAD 80cm C\u00d3DIGO: &nbsp;<\/p>\n","protected":false},"author":1,"featured_media":32205,"comment_status":"open","ping_status":"open","sticky":false,"template":"","format":"standard","meta":{"footnotes":""},"categories":[3],"tags":[],"class_list":["post-32203","post","type-post","status-publish","format-standard","has-post-thumbnail","hentry","category-sillones"],"_links":{"self":[{"href":"http:\/\/www.elkindeco.com\/index.php?rest_route=\/wp\/v2\/posts\/32203","targetHints":{"allow":["GET"]}}],"collection":[{"href":"http:\/\/www.elkindeco.com\/index.php?rest_route=\/wp\/v2\/posts"}],"about":[{"href":"http:\/\/www.elkindeco.com\/index.php?rest_route=\/wp\/v2\/types\/post"}],"author":[{"embeddable":true,"href":"http:\/\/www.elkindeco.com\/index.php?rest_route=\/wp\/v2\/users\/1"}],"replies":[{"embeddable":true,"href":"http:\/\/www.elkindeco.com\/index.php?rest_route=%2Fwp%2Fv2%2Fcomments&post=32203"}],"version-history":[{"count":2,"href":"http:\/\/www.elkindeco.com\/index.php?rest_route=\/wp\/v2\/posts\/32203\/revisions"}],"predecessor-version":[{"id":33374,"href":"http:\/\/www.elkindeco.com\/index.php?rest_route=\/wp\/v2\/posts\/32203\/revisions\/33374"}],"wp:featuredmedia":[{"embeddable":true,"href":"http:\/\/www.elkindeco.com\/index.php?rest_route=\/wp\/v2\/media\/32205"}],"wp:attachment":[{"href":"http:\/\/www.elkindeco.com\/index.php?rest_route=%2Fwp%2Fv2%2Fmedia&parent=32203"}],"wp:term":[{"taxonomy":"category","embeddable":true,"href":"http:\/\/www.elkindeco.com\/index.php?rest_route=%2Fwp%2Fv2%2Fcategories&post=32203"},{"taxonomy":"post_tag","embeddable":true,"href":"http:\/\/www.elkindeco.com\/index.php?rest_route=%2Fwp%2Fv2%2Ftags&post=32203"}],"curies":[{"name":"wp","href":"https:\/\/api.w.org\/{rel}","templated":true}]}}