{"id":32794,"date":"2019-09-19T18:09:02","date_gmt":"2019-09-19T21:09:02","guid":{"rendered":"http:\/\/www.elkindeco.com\/?p=32794"},"modified":"2019-09-19T18:09:02","modified_gmt":"2019-09-19T21:09:02","slug":"espejo-estilo-frances-tallado-dorado-sala-o-living-2","status":"publish","type":"post","link":"http:\/\/www.elkindeco.com\/?p=32794","title":{"rendered":"Espejo Estilo Frances Tallado Dorado Sala O Living"},"content":{"rendered":"<p><img loading=\"lazy\" decoding=\"async\" class=\"alignnone size-full wp-image-32795\" src=\"http:\/\/www.elkindeco.com\/web\/wp-content\/uploads\/2019\/09\/8145-6083-1.jpg\" alt=\"\" width=\"720\" height=\"480\" srcset=\"http:\/\/www.elkindeco.com\/web\/wp-content\/uploads\/2019\/09\/8145-6083-1.jpg 720w, http:\/\/www.elkindeco.com\/web\/wp-content\/uploads\/2019\/09\/8145-6083-1-196x131.jpg 196w\" sizes=\"auto, (max-width: 720px) 100vw, 720px\" \/> <img loading=\"lazy\" decoding=\"async\" class=\"alignnone size-full wp-image-32796\" src=\"http:\/\/www.elkindeco.com\/web\/wp-content\/uploads\/2019\/09\/8145-6083_1-1.jpg\" alt=\"\" width=\"720\" height=\"480\" srcset=\"http:\/\/www.elkindeco.com\/web\/wp-content\/uploads\/2019\/09\/8145-6083_1-1.jpg 720w, http:\/\/www.elkindeco.com\/web\/wp-content\/uploads\/2019\/09\/8145-6083_1-1-196x131.jpg 196w\" sizes=\"auto, (max-width: 720px) 100vw, 720px\" \/> <img loading=\"lazy\" decoding=\"async\" class=\"alignnone size-full wp-image-32797\" src=\"http:\/\/www.elkindeco.com\/web\/wp-content\/uploads\/2019\/09\/8145-6083_2-1.jpg\" alt=\"\" width=\"720\" height=\"480\" srcset=\"http:\/\/www.elkindeco.com\/web\/wp-content\/uploads\/2019\/09\/8145-6083_2-1.jpg 720w, http:\/\/www.elkindeco.com\/web\/wp-content\/uploads\/2019\/09\/8145-6083_2-1-196x131.jpg 196w\" sizes=\"auto, (max-width: 720px) 100vw, 720px\" \/><\/p>\n<p>&nbsp;<\/p>\n<p>*** EL_KIN ANTIG\u00dcEDADES ***<\/p>\n<p>&#8211; Espejo estilo franc\u00e9s dorado<br \/>\n&#8211; El vidrio del espejo es biselado<br \/>\n&#8211; Es ideal para embellecer de forma \u00fanica su sala, living o comedor<\/p>\n<p>MEDIDAS: ALTO 88cm \/ ANCHO 56cm<\/p>\n<p>C\u00d3DIGO: 8145-6083<\/p>\n","protected":false},"excerpt":{"rendered":"<p>&nbsp; *** EL_KIN ANTIG\u00dcEDADES *** &#8211; Espejo estilo franc\u00e9s dorado &#8211; El vidrio del espejo es biselado &#8211; Es ideal para embellecer de forma \u00fanica su sala, living o comedor MEDIDAS: ALTO 88cm \/ ANCHO 56cm C\u00d3DIGO: 8145-6083<\/p>\n","protected":false},"author":1,"featured_media":32795,"comment_status":"open","ping_status":"open","sticky":false,"template":"","format":"standard","meta":{"footnotes":""},"categories":[27],"tags":[],"class_list":["post-32794","post","type-post","status-publish","format-standard","has-post-thumbnail","hentry","category-espejos"],"_links":{"self":[{"href":"http:\/\/www.elkindeco.com\/index.php?rest_route=\/wp\/v2\/posts\/32794","targetHints":{"allow":["GET"]}}],"collection":[{"href":"http:\/\/www.elkindeco.com\/index.php?rest_route=\/wp\/v2\/posts"}],"about":[{"href":"http:\/\/www.elkindeco.com\/index.php?rest_route=\/wp\/v2\/types\/post"}],"author":[{"embeddable":true,"href":"http:\/\/www.elkindeco.com\/index.php?rest_route=\/wp\/v2\/users\/1"}],"replies":[{"embeddable":true,"href":"http:\/\/www.elkindeco.com\/index.php?rest_route=%2Fwp%2Fv2%2Fcomments&post=32794"}],"version-history":[{"count":1,"href":"http:\/\/www.elkindeco.com\/index.php?rest_route=\/wp\/v2\/posts\/32794\/revisions"}],"predecessor-version":[{"id":32798,"href":"http:\/\/www.elkindeco.com\/index.php?rest_route=\/wp\/v2\/posts\/32794\/revisions\/32798"}],"wp:featuredmedia":[{"embeddable":true,"href":"http:\/\/www.elkindeco.com\/index.php?rest_route=\/wp\/v2\/media\/32795"}],"wp:attachment":[{"href":"http:\/\/www.elkindeco.com\/index.php?rest_route=%2Fwp%2Fv2%2Fmedia&parent=32794"}],"wp:term":[{"taxonomy":"category","embeddable":true,"href":"http:\/\/www.elkindeco.com\/index.php?rest_route=%2Fwp%2Fv2%2Fcategories&post=32794"},{"taxonomy":"post_tag","embeddable":true,"href":"http:\/\/www.elkindeco.com\/index.php?rest_route=%2Fwp%2Fv2%2Ftags&post=32794"}],"curies":[{"name":"wp","href":"https:\/\/api.w.org\/{rel}","templated":true}]}}