{"id":34416,"date":"2020-08-26T15:12:40","date_gmt":"2020-08-26T18:12:40","guid":{"rendered":"http:\/\/www.elkindeco.com\/?p=34416"},"modified":"2020-08-26T15:12:40","modified_gmt":"2020-08-26T18:12:40","slug":"comoda-francesa-luis-xvi-con-marmol-patinada-2","status":"publish","type":"post","link":"http:\/\/www.elkindeco.com\/?p=34416","title":{"rendered":"Comoda Francesa Luis Xvi Con Marmol Patinada"},"content":{"rendered":"<p><img loading=\"lazy\" decoding=\"async\" class=\"alignnone size-full wp-image-34417\" src=\"http:\/\/www.elkindeco.com\/web\/wp-content\/uploads\/2020\/08\/8155-6252.jpg\" alt=\"\" width=\"750\" height=\"500\" srcset=\"http:\/\/www.elkindeco.com\/web\/wp-content\/uploads\/2020\/08\/8155-6252.jpg 750w, http:\/\/www.elkindeco.com\/web\/wp-content\/uploads\/2020\/08\/8155-6252-720x480.jpg 720w, http:\/\/www.elkindeco.com\/web\/wp-content\/uploads\/2020\/08\/8155-6252-196x131.jpg 196w\" sizes=\"auto, (max-width: 750px) 100vw, 750px\" \/> <img loading=\"lazy\" decoding=\"async\" class=\"alignnone size-full wp-image-34418\" src=\"http:\/\/www.elkindeco.com\/web\/wp-content\/uploads\/2020\/08\/8155-6252_1.jpg\" alt=\"\" width=\"500\" height=\"750\" srcset=\"http:\/\/www.elkindeco.com\/web\/wp-content\/uploads\/2020\/08\/8155-6252_1.jpg 500w, http:\/\/www.elkindeco.com\/web\/wp-content\/uploads\/2020\/08\/8155-6252_1-320x480.jpg 320w, http:\/\/www.elkindeco.com\/web\/wp-content\/uploads\/2020\/08\/8155-6252_1-87x131.jpg 87w\" sizes=\"auto, (max-width: 500px) 100vw, 500px\" \/> <img loading=\"lazy\" decoding=\"async\" class=\"alignnone size-full wp-image-34419\" src=\"http:\/\/www.elkindeco.com\/web\/wp-content\/uploads\/2020\/08\/8155-6252_2.jpg\" alt=\"\" width=\"750\" height=\"500\" srcset=\"http:\/\/www.elkindeco.com\/web\/wp-content\/uploads\/2020\/08\/8155-6252_2.jpg 750w, http:\/\/www.elkindeco.com\/web\/wp-content\/uploads\/2020\/08\/8155-6252_2-720x480.jpg 720w, http:\/\/www.elkindeco.com\/web\/wp-content\/uploads\/2020\/08\/8155-6252_2-196x131.jpg 196w\" sizes=\"auto, (max-width: 750px) 100vw, 750px\" \/><\/p>\n<p>&nbsp;<\/p>\n<p>C\u00f3moda estilo franc\u00e9s Luis XVI con tapa de m\u00e1rmol<br \/>\nPosee herrajes labrados de bronce<br \/>\nEs ideal para embellecer de forma \u00fanica su dormitorio o cualquier otro ambiente de su hogar<\/p>\n<p>MEDIDAS: ALTO 85cm \/ ANCHO 118cm \/ PROFUNDIDAD 46cm<\/p>\n<p>C\u00d3DIGO: 8155-6252<\/p>\n","protected":false},"excerpt":{"rendered":"<p>&nbsp; C\u00f3moda estilo franc\u00e9s Luis XVI con tapa de m\u00e1rmol Posee herrajes labrados de bronce Es ideal para embellecer de forma \u00fanica su dormitorio o cualquier otro ambiente de su hogar MEDIDAS: ALTO 85cm \/ ANCHO 118cm \/ PROFUNDIDAD 46cm C\u00d3DIGO: 8155-6252<\/p>\n","protected":false},"author":1,"featured_media":34417,"comment_status":"open","ping_status":"open","sticky":false,"template":"","format":"standard","meta":{"footnotes":""},"categories":[8],"tags":[],"class_list":["post-34416","post","type-post","status-publish","format-standard","has-post-thumbnail","hentry","category-comodas"],"_links":{"self":[{"href":"http:\/\/www.elkindeco.com\/index.php?rest_route=\/wp\/v2\/posts\/34416","targetHints":{"allow":["GET"]}}],"collection":[{"href":"http:\/\/www.elkindeco.com\/index.php?rest_route=\/wp\/v2\/posts"}],"about":[{"href":"http:\/\/www.elkindeco.com\/index.php?rest_route=\/wp\/v2\/types\/post"}],"author":[{"embeddable":true,"href":"http:\/\/www.elkindeco.com\/index.php?rest_route=\/wp\/v2\/users\/1"}],"replies":[{"embeddable":true,"href":"http:\/\/www.elkindeco.com\/index.php?rest_route=%2Fwp%2Fv2%2Fcomments&post=34416"}],"version-history":[{"count":1,"href":"http:\/\/www.elkindeco.com\/index.php?rest_route=\/wp\/v2\/posts\/34416\/revisions"}],"predecessor-version":[{"id":34420,"href":"http:\/\/www.elkindeco.com\/index.php?rest_route=\/wp\/v2\/posts\/34416\/revisions\/34420"}],"wp:featuredmedia":[{"embeddable":true,"href":"http:\/\/www.elkindeco.com\/index.php?rest_route=\/wp\/v2\/media\/34417"}],"wp:attachment":[{"href":"http:\/\/www.elkindeco.com\/index.php?rest_route=%2Fwp%2Fv2%2Fmedia&parent=34416"}],"wp:term":[{"taxonomy":"category","embeddable":true,"href":"http:\/\/www.elkindeco.com\/index.php?rest_route=%2Fwp%2Fv2%2Fcategories&post=34416"},{"taxonomy":"post_tag","embeddable":true,"href":"http:\/\/www.elkindeco.com\/index.php?rest_route=%2Fwp%2Fv2%2Ftags&post=34416"}],"curies":[{"name":"wp","href":"https:\/\/api.w.org\/{rel}","templated":true}]}}