{"id":34431,"date":"2020-08-27T17:31:00","date_gmt":"2020-08-27T20:31:00","guid":{"rendered":"http:\/\/www.elkindeco.com\/?p=34431"},"modified":"2020-08-27T17:47:12","modified_gmt":"2020-08-27T20:47:12","slug":"mesa-centro-tipo-panuelo-con-marqueteria","status":"publish","type":"post","link":"http:\/\/www.elkindeco.com\/?p=34431","title":{"rendered":"Mesa centro tipo pa\u00f1uelo con marqueter\u00eda"},"content":{"rendered":"<p><img loading=\"lazy\" decoding=\"async\" class=\"alignnone size-full wp-image-34433\" src=\"http:\/\/www.elkindeco.com\/web\/wp-content\/uploads\/2020\/08\/8157-6271_1.jpg\" alt=\"\" width=\"750\" height=\"500\" srcset=\"http:\/\/www.elkindeco.com\/web\/wp-content\/uploads\/2020\/08\/8157-6271_1.jpg 750w, http:\/\/www.elkindeco.com\/web\/wp-content\/uploads\/2020\/08\/8157-6271_1-720x480.jpg 720w, http:\/\/www.elkindeco.com\/web\/wp-content\/uploads\/2020\/08\/8157-6271_1-196x131.jpg 196w\" sizes=\"auto, (max-width: 750px) 100vw, 750px\" \/><\/p>\n<p><img loading=\"lazy\" decoding=\"async\" class=\"alignnone size-full wp-image-34432\" src=\"http:\/\/www.elkindeco.com\/web\/wp-content\/uploads\/2020\/08\/8157-6271.jpg\" alt=\"\" width=\"750\" height=\"500\" srcset=\"http:\/\/www.elkindeco.com\/web\/wp-content\/uploads\/2020\/08\/8157-6271.jpg 750w, http:\/\/www.elkindeco.com\/web\/wp-content\/uploads\/2020\/08\/8157-6271-720x480.jpg 720w, http:\/\/www.elkindeco.com\/web\/wp-content\/uploads\/2020\/08\/8157-6271-196x131.jpg 196w\" sizes=\"auto, (max-width: 750px) 100vw, 750px\" \/><img loading=\"lazy\" decoding=\"async\" class=\"alignnone size-full wp-image-34434\" src=\"http:\/\/www.elkindeco.com\/web\/wp-content\/uploads\/2020\/08\/8157-6271_2.jpg\" alt=\"\" width=\"750\" height=\"500\" srcset=\"http:\/\/www.elkindeco.com\/web\/wp-content\/uploads\/2020\/08\/8157-6271_2.jpg 750w, http:\/\/www.elkindeco.com\/web\/wp-content\/uploads\/2020\/08\/8157-6271_2-720x480.jpg 720w, http:\/\/www.elkindeco.com\/web\/wp-content\/uploads\/2020\/08\/8157-6271_2-196x131.jpg 196w\" sizes=\"auto, (max-width: 750px) 100vw, 750px\" \/><img loading=\"lazy\" decoding=\"async\" class=\"alignnone size-full wp-image-34435\" src=\"http:\/\/www.elkindeco.com\/web\/wp-content\/uploads\/2020\/08\/8157-6271_3.jpg\" alt=\"\" width=\"750\" height=\"500\" srcset=\"http:\/\/www.elkindeco.com\/web\/wp-content\/uploads\/2020\/08\/8157-6271_3.jpg 750w, http:\/\/www.elkindeco.com\/web\/wp-content\/uploads\/2020\/08\/8157-6271_3-720x480.jpg 720w, http:\/\/www.elkindeco.com\/web\/wp-content\/uploads\/2020\/08\/8157-6271_3-196x131.jpg 196w\" sizes=\"auto, (max-width: 750px) 100vw, 750px\" \/><\/p>\n<p>&nbsp;<\/p>\n<p>Mesa Ratona De Madera tipo pa\u00f1uelo con marqueter\u00eda<br \/>\nDe calidad excepcional, es ideal para embellecer de forma \u00fanica su living o comedor<\/p>\n<p>MEDIDAS: ALTO 46CM \/ ANCHO 115CM abierta \/ PROFUNDIDAD 58cm<\/p>\n<p>C\u00d3DIGO: 8157-6271<\/p>\n","protected":false},"excerpt":{"rendered":"<p>&nbsp; Mesa Ratona De Madera tipo pa\u00f1uelo con marqueter\u00eda De calidad excepcional, es ideal para embellecer de forma \u00fanica su living o comedor MEDIDAS: ALTO 46CM \/ ANCHO 115CM abierta \/ PROFUNDIDAD 58cm C\u00d3DIGO: 8157-6271<\/p>\n","protected":false},"author":1,"featured_media":34432,"comment_status":"open","ping_status":"open","sticky":false,"template":"","format":"standard","meta":{"footnotes":""},"categories":[9],"tags":[],"class_list":["post-34431","post","type-post","status-publish","format-standard","has-post-thumbnail","hentry","category-mesas"],"_links":{"self":[{"href":"http:\/\/www.elkindeco.com\/index.php?rest_route=\/wp\/v2\/posts\/34431","targetHints":{"allow":["GET"]}}],"collection":[{"href":"http:\/\/www.elkindeco.com\/index.php?rest_route=\/wp\/v2\/posts"}],"about":[{"href":"http:\/\/www.elkindeco.com\/index.php?rest_route=\/wp\/v2\/types\/post"}],"author":[{"embeddable":true,"href":"http:\/\/www.elkindeco.com\/index.php?rest_route=\/wp\/v2\/users\/1"}],"replies":[{"embeddable":true,"href":"http:\/\/www.elkindeco.com\/index.php?rest_route=%2Fwp%2Fv2%2Fcomments&post=34431"}],"version-history":[{"count":2,"href":"http:\/\/www.elkindeco.com\/index.php?rest_route=\/wp\/v2\/posts\/34431\/revisions"}],"predecessor-version":[{"id":34437,"href":"http:\/\/www.elkindeco.com\/index.php?rest_route=\/wp\/v2\/posts\/34431\/revisions\/34437"}],"wp:featuredmedia":[{"embeddable":true,"href":"http:\/\/www.elkindeco.com\/index.php?rest_route=\/wp\/v2\/media\/34432"}],"wp:attachment":[{"href":"http:\/\/www.elkindeco.com\/index.php?rest_route=%2Fwp%2Fv2%2Fmedia&parent=34431"}],"wp:term":[{"taxonomy":"category","embeddable":true,"href":"http:\/\/www.elkindeco.com\/index.php?rest_route=%2Fwp%2Fv2%2Fcategories&post=34431"},{"taxonomy":"post_tag","embeddable":true,"href":"http:\/\/www.elkindeco.com\/index.php?rest_route=%2Fwp%2Fv2%2Ftags&post=34431"}],"curies":[{"name":"wp","href":"https:\/\/api.w.org\/{rel}","templated":true}]}}