{"id":34465,"date":"2020-08-31T16:39:01","date_gmt":"2020-08-31T19:39:01","guid":{"rendered":"http:\/\/www.elkindeco.com\/?p=34465"},"modified":"2020-08-31T16:39:01","modified_gmt":"2020-08-31T19:39:01","slug":"par-de-mesas-de-luz-estilo-frances-luis-xvi-marmol-69","status":"publish","type":"post","link":"http:\/\/www.elkindeco.com\/?p=34465","title":{"rendered":"Par De Mesas De Luz Estilo Frances Luis Xvi Marmol"},"content":{"rendered":"<p><img loading=\"lazy\" decoding=\"async\" class=\"alignnone size-full wp-image-34466\" src=\"http:\/\/www.elkindeco.com\/web\/wp-content\/uploads\/2020\/08\/8155-6252B.jpg\" alt=\"\" width=\"750\" height=\"500\" srcset=\"http:\/\/www.elkindeco.com\/web\/wp-content\/uploads\/2020\/08\/8155-6252B.jpg 750w, http:\/\/www.elkindeco.com\/web\/wp-content\/uploads\/2020\/08\/8155-6252B-720x480.jpg 720w, http:\/\/www.elkindeco.com\/web\/wp-content\/uploads\/2020\/08\/8155-6252B-196x131.jpg 196w\" sizes=\"auto, (max-width: 750px) 100vw, 750px\" \/> <img loading=\"lazy\" decoding=\"async\" class=\"alignnone size-full wp-image-34467\" src=\"http:\/\/www.elkindeco.com\/web\/wp-content\/uploads\/2020\/08\/8155-6252B_1.jpg\" alt=\"\" width=\"500\" height=\"750\" srcset=\"http:\/\/www.elkindeco.com\/web\/wp-content\/uploads\/2020\/08\/8155-6252B_1.jpg 500w, http:\/\/www.elkindeco.com\/web\/wp-content\/uploads\/2020\/08\/8155-6252B_1-320x480.jpg 320w, http:\/\/www.elkindeco.com\/web\/wp-content\/uploads\/2020\/08\/8155-6252B_1-87x131.jpg 87w\" sizes=\"auto, (max-width: 500px) 100vw, 500px\" \/><\/p>\n<p><img loading=\"lazy\" decoding=\"async\" class=\"alignnone size-full wp-image-34468\" src=\"http:\/\/www.elkindeco.com\/web\/wp-content\/uploads\/2020\/08\/8155-6252B_2.jpg\" alt=\"\" width=\"500\" height=\"750\" srcset=\"http:\/\/www.elkindeco.com\/web\/wp-content\/uploads\/2020\/08\/8155-6252B_2.jpg 500w, http:\/\/www.elkindeco.com\/web\/wp-content\/uploads\/2020\/08\/8155-6252B_2-320x480.jpg 320w, http:\/\/www.elkindeco.com\/web\/wp-content\/uploads\/2020\/08\/8155-6252B_2-87x131.jpg 87w\" sizes=\"auto, (max-width: 500px) 100vw, 500px\" \/> <img loading=\"lazy\" decoding=\"async\" class=\"alignnone size-full wp-image-34469\" src=\"http:\/\/www.elkindeco.com\/web\/wp-content\/uploads\/2020\/08\/8155-6252B_3.jpg\" alt=\"\" width=\"750\" height=\"500\" srcset=\"http:\/\/www.elkindeco.com\/web\/wp-content\/uploads\/2020\/08\/8155-6252B_3.jpg 750w, http:\/\/www.elkindeco.com\/web\/wp-content\/uploads\/2020\/08\/8155-6252B_3-720x480.jpg 720w, http:\/\/www.elkindeco.com\/web\/wp-content\/uploads\/2020\/08\/8155-6252B_3-196x131.jpg 196w\" sizes=\"auto, (max-width: 750px) 100vw, 750px\" \/><\/p>\n<p>&nbsp;<\/p>\n<p>-Par de mesas de luz estilo franc\u00e9s Luis XVI con tapa de m\u00e1rmol<br \/>\n-Son ideales para embellecer de forma \u00fanica su dormitorio<\/p>\n<p>MEDIDAS: ALTO 64cm \/ ANCHO 45cm \/ PROFUNDIDAD 31cm<\/p>\n<p>C\u00d3DIGO: 8155-6252B<\/p>\n","protected":false},"excerpt":{"rendered":"<p>&nbsp; -Par de mesas de luz estilo franc\u00e9s Luis XVI con tapa de m\u00e1rmol -Son ideales para embellecer de forma \u00fanica su dormitorio MEDIDAS: ALTO 64cm \/ ANCHO 45cm \/ PROFUNDIDAD 31cm C\u00d3DIGO: 8155-6252B<\/p>\n","protected":false},"author":1,"featured_media":34466,"comment_status":"open","ping_status":"open","sticky":false,"template":"","format":"standard","meta":{"footnotes":""},"categories":[25],"tags":[],"class_list":["post-34465","post","type-post","status-publish","format-standard","has-post-thumbnail","hentry","category-mesas-de-luz"],"_links":{"self":[{"href":"http:\/\/www.elkindeco.com\/index.php?rest_route=\/wp\/v2\/posts\/34465","targetHints":{"allow":["GET"]}}],"collection":[{"href":"http:\/\/www.elkindeco.com\/index.php?rest_route=\/wp\/v2\/posts"}],"about":[{"href":"http:\/\/www.elkindeco.com\/index.php?rest_route=\/wp\/v2\/types\/post"}],"author":[{"embeddable":true,"href":"http:\/\/www.elkindeco.com\/index.php?rest_route=\/wp\/v2\/users\/1"}],"replies":[{"embeddable":true,"href":"http:\/\/www.elkindeco.com\/index.php?rest_route=%2Fwp%2Fv2%2Fcomments&post=34465"}],"version-history":[{"count":1,"href":"http:\/\/www.elkindeco.com\/index.php?rest_route=\/wp\/v2\/posts\/34465\/revisions"}],"predecessor-version":[{"id":34470,"href":"http:\/\/www.elkindeco.com\/index.php?rest_route=\/wp\/v2\/posts\/34465\/revisions\/34470"}],"wp:featuredmedia":[{"embeddable":true,"href":"http:\/\/www.elkindeco.com\/index.php?rest_route=\/wp\/v2\/media\/34466"}],"wp:attachment":[{"href":"http:\/\/www.elkindeco.com\/index.php?rest_route=%2Fwp%2Fv2%2Fmedia&parent=34465"}],"wp:term":[{"taxonomy":"category","embeddable":true,"href":"http:\/\/www.elkindeco.com\/index.php?rest_route=%2Fwp%2Fv2%2Fcategories&post=34465"},{"taxonomy":"post_tag","embeddable":true,"href":"http:\/\/www.elkindeco.com\/index.php?rest_route=%2Fwp%2Fv2%2Ftags&post=34465"}],"curies":[{"name":"wp","href":"https:\/\/api.w.org\/{rel}","templated":true}]}}