{"id":34506,"date":"2020-09-10T16:42:25","date_gmt":"2020-09-10T19:42:25","guid":{"rendered":"http:\/\/www.elkindeco.com\/?p=34506"},"modified":"2020-09-10T16:42:25","modified_gmt":"2020-09-10T19:42:25","slug":"par-de-mesas-de-luz-estilo-frances-luis-xvi-marmol-71","status":"publish","type":"post","link":"http:\/\/www.elkindeco.com\/?p=34506","title":{"rendered":"Par De Mesas De Luz Estilo Frances Luis Xvi Marmol"},"content":{"rendered":"<p><img loading=\"lazy\" decoding=\"async\" class=\"alignnone size-full wp-image-34507\" src=\"http:\/\/www.elkindeco.com\/web\/wp-content\/uploads\/2020\/09\/8157-6274.jpg\" alt=\"\" width=\"750\" height=\"500\" srcset=\"http:\/\/www.elkindeco.com\/web\/wp-content\/uploads\/2020\/09\/8157-6274.jpg 750w, http:\/\/www.elkindeco.com\/web\/wp-content\/uploads\/2020\/09\/8157-6274-720x480.jpg 720w, http:\/\/www.elkindeco.com\/web\/wp-content\/uploads\/2020\/09\/8157-6274-196x131.jpg 196w\" sizes=\"auto, (max-width: 750px) 100vw, 750px\" \/> <img loading=\"lazy\" decoding=\"async\" class=\"alignnone size-full wp-image-34508\" src=\"http:\/\/www.elkindeco.com\/web\/wp-content\/uploads\/2020\/09\/8157-6274_1.jpg\" alt=\"\" width=\"750\" height=\"500\" srcset=\"http:\/\/www.elkindeco.com\/web\/wp-content\/uploads\/2020\/09\/8157-6274_1.jpg 750w, http:\/\/www.elkindeco.com\/web\/wp-content\/uploads\/2020\/09\/8157-6274_1-720x480.jpg 720w, http:\/\/www.elkindeco.com\/web\/wp-content\/uploads\/2020\/09\/8157-6274_1-196x131.jpg 196w\" sizes=\"auto, (max-width: 750px) 100vw, 750px\" \/> <img loading=\"lazy\" decoding=\"async\" class=\"alignnone size-full wp-image-34509\" src=\"http:\/\/www.elkindeco.com\/web\/wp-content\/uploads\/2020\/09\/8157-6274_2.jpg\" alt=\"\" width=\"500\" height=\"750\" srcset=\"http:\/\/www.elkindeco.com\/web\/wp-content\/uploads\/2020\/09\/8157-6274_2.jpg 500w, http:\/\/www.elkindeco.com\/web\/wp-content\/uploads\/2020\/09\/8157-6274_2-320x480.jpg 320w, http:\/\/www.elkindeco.com\/web\/wp-content\/uploads\/2020\/09\/8157-6274_2-87x131.jpg 87w\" sizes=\"auto, (max-width: 500px) 100vw, 500px\" \/> <img loading=\"lazy\" decoding=\"async\" class=\"alignnone size-full wp-image-34510\" src=\"http:\/\/www.elkindeco.com\/web\/wp-content\/uploads\/2020\/09\/8157-6274_3.jpg\" alt=\"\" width=\"750\" height=\"500\" srcset=\"http:\/\/www.elkindeco.com\/web\/wp-content\/uploads\/2020\/09\/8157-6274_3.jpg 750w, http:\/\/www.elkindeco.com\/web\/wp-content\/uploads\/2020\/09\/8157-6274_3-720x480.jpg 720w, http:\/\/www.elkindeco.com\/web\/wp-content\/uploads\/2020\/09\/8157-6274_3-196x131.jpg 196w\" sizes=\"auto, (max-width: 750px) 100vw, 750px\" \/><\/p>\n<p>&nbsp;<\/p>\n<p>-Par de mesas de luz estilo franc\u00e9s Luis XVI con tapa de m\u00e1rmol<br \/>\n-Son ideales para embellecer de forma \u00fanica su dormitorio<\/p>\n<p>CONSULTAR POR ENVIOS Y DISPONIBILIDAD<\/p>\n<p>MEDIDAS: ALTO 61cm \/ ANCHO 51cm \/ PROFUNDIDAD 32cm<\/p>\n<p>C\u00d3DIGO: 8157-6274<\/p>\n","protected":false},"excerpt":{"rendered":"<p>&nbsp; -Par de mesas de luz estilo franc\u00e9s Luis XVI con tapa de m\u00e1rmol -Son ideales para embellecer de forma \u00fanica su dormitorio CONSULTAR POR ENVIOS Y DISPONIBILIDAD MEDIDAS: ALTO 61cm \/ ANCHO 51cm \/ PROFUNDIDAD 32cm C\u00d3DIGO: 8157-6274<\/p>\n","protected":false},"author":1,"featured_media":34507,"comment_status":"open","ping_status":"open","sticky":false,"template":"","format":"standard","meta":{"footnotes":""},"categories":[25],"tags":[],"class_list":["post-34506","post","type-post","status-publish","format-standard","has-post-thumbnail","hentry","category-mesas-de-luz"],"_links":{"self":[{"href":"http:\/\/www.elkindeco.com\/index.php?rest_route=\/wp\/v2\/posts\/34506","targetHints":{"allow":["GET"]}}],"collection":[{"href":"http:\/\/www.elkindeco.com\/index.php?rest_route=\/wp\/v2\/posts"}],"about":[{"href":"http:\/\/www.elkindeco.com\/index.php?rest_route=\/wp\/v2\/types\/post"}],"author":[{"embeddable":true,"href":"http:\/\/www.elkindeco.com\/index.php?rest_route=\/wp\/v2\/users\/1"}],"replies":[{"embeddable":true,"href":"http:\/\/www.elkindeco.com\/index.php?rest_route=%2Fwp%2Fv2%2Fcomments&post=34506"}],"version-history":[{"count":1,"href":"http:\/\/www.elkindeco.com\/index.php?rest_route=\/wp\/v2\/posts\/34506\/revisions"}],"predecessor-version":[{"id":34511,"href":"http:\/\/www.elkindeco.com\/index.php?rest_route=\/wp\/v2\/posts\/34506\/revisions\/34511"}],"wp:featuredmedia":[{"embeddable":true,"href":"http:\/\/www.elkindeco.com\/index.php?rest_route=\/wp\/v2\/media\/34507"}],"wp:attachment":[{"href":"http:\/\/www.elkindeco.com\/index.php?rest_route=%2Fwp%2Fv2%2Fmedia&parent=34506"}],"wp:term":[{"taxonomy":"category","embeddable":true,"href":"http:\/\/www.elkindeco.com\/index.php?rest_route=%2Fwp%2Fv2%2Fcategories&post=34506"},{"taxonomy":"post_tag","embeddable":true,"href":"http:\/\/www.elkindeco.com\/index.php?rest_route=%2Fwp%2Fv2%2Ftags&post=34506"}],"curies":[{"name":"wp","href":"https:\/\/api.w.org\/{rel}","templated":true}]}}