{"id":35461,"date":"2021-09-24T12:02:57","date_gmt":"2021-09-24T15:02:57","guid":{"rendered":"http:\/\/www.elkindeco.com\/?p=35461"},"modified":"2021-09-24T12:02:57","modified_gmt":"2021-09-24T15:02:57","slug":"par-de-mesas-de-luz-estilo-frances-luis-xvi-marmol-75","status":"publish","type":"post","link":"http:\/\/www.elkindeco.com\/?p=35461","title":{"rendered":"Par De Mesas De Luz Estilo Frances Luis Xvi Marmol"},"content":{"rendered":"<p><img loading=\"lazy\" decoding=\"async\" class=\"alignnone size-full wp-image-35462\" src=\"http:\/\/www.elkindeco.com\/web\/wp-content\/uploads\/2021\/09\/8170-8593.jpg\" alt=\"\" width=\"750\" height=\"500\" srcset=\"http:\/\/www.elkindeco.com\/web\/wp-content\/uploads\/2021\/09\/8170-8593.jpg 750w, http:\/\/www.elkindeco.com\/web\/wp-content\/uploads\/2021\/09\/8170-8593-720x480.jpg 720w, http:\/\/www.elkindeco.com\/web\/wp-content\/uploads\/2021\/09\/8170-8593-196x131.jpg 196w\" sizes=\"auto, (max-width: 750px) 100vw, 750px\" \/> <img loading=\"lazy\" decoding=\"async\" class=\"alignnone size-full wp-image-35463\" src=\"http:\/\/www.elkindeco.com\/web\/wp-content\/uploads\/2021\/09\/8170-8593_1.jpg\" alt=\"\" width=\"750\" height=\"500\" srcset=\"http:\/\/www.elkindeco.com\/web\/wp-content\/uploads\/2021\/09\/8170-8593_1.jpg 750w, http:\/\/www.elkindeco.com\/web\/wp-content\/uploads\/2021\/09\/8170-8593_1-720x480.jpg 720w, http:\/\/www.elkindeco.com\/web\/wp-content\/uploads\/2021\/09\/8170-8593_1-196x131.jpg 196w\" sizes=\"auto, (max-width: 750px) 100vw, 750px\" \/> <img loading=\"lazy\" decoding=\"async\" class=\"alignnone size-full wp-image-35464\" src=\"http:\/\/www.elkindeco.com\/web\/wp-content\/uploads\/2021\/09\/8170-8593_2.jpg\" alt=\"\" width=\"750\" height=\"500\" srcset=\"http:\/\/www.elkindeco.com\/web\/wp-content\/uploads\/2021\/09\/8170-8593_2.jpg 750w, http:\/\/www.elkindeco.com\/web\/wp-content\/uploads\/2021\/09\/8170-8593_2-720x480.jpg 720w, http:\/\/www.elkindeco.com\/web\/wp-content\/uploads\/2021\/09\/8170-8593_2-196x131.jpg 196w\" sizes=\"auto, (max-width: 750px) 100vw, 750px\" \/> <img loading=\"lazy\" decoding=\"async\" class=\"alignnone size-full wp-image-35465\" src=\"http:\/\/www.elkindeco.com\/web\/wp-content\/uploads\/2021\/09\/8170-8593_3.jpg\" alt=\"\" width=\"750\" height=\"500\" srcset=\"http:\/\/www.elkindeco.com\/web\/wp-content\/uploads\/2021\/09\/8170-8593_3.jpg 750w, http:\/\/www.elkindeco.com\/web\/wp-content\/uploads\/2021\/09\/8170-8593_3-720x480.jpg 720w, http:\/\/www.elkindeco.com\/web\/wp-content\/uploads\/2021\/09\/8170-8593_3-196x131.jpg 196w\" sizes=\"auto, (max-width: 750px) 100vw, 750px\" \/><\/p>\n<p>&nbsp;<\/p>\n<p>&#8211; Par de mesas de luz estilo franc\u00e9s Luis XVI con tapa de m\u00e1rmol<br \/>\n&#8211; Son ideales para embellecer de forma \u00fanica su dormitorio<\/p>\n<p>MEDIDAS: ALTO 62cm \/ ANCHO 53cm \/ PROFUNDIDAD 39cm<\/p>\n<p>C\u00d3DIGO: 8170-8593<\/p>\n","protected":false},"excerpt":{"rendered":"<p>&nbsp; &#8211; Par de mesas de luz estilo franc\u00e9s Luis XVI con tapa de m\u00e1rmol &#8211; Son ideales para embellecer de forma \u00fanica su dormitorio MEDIDAS: ALTO 62cm \/ ANCHO 53cm \/ PROFUNDIDAD 39cm C\u00d3DIGO: 8170-8593<\/p>\n","protected":false},"author":1,"featured_media":35462,"comment_status":"open","ping_status":"open","sticky":false,"template":"","format":"standard","meta":{"footnotes":""},"categories":[25],"tags":[],"class_list":["post-35461","post","type-post","status-publish","format-standard","has-post-thumbnail","hentry","category-mesas-de-luz"],"_links":{"self":[{"href":"http:\/\/www.elkindeco.com\/index.php?rest_route=\/wp\/v2\/posts\/35461","targetHints":{"allow":["GET"]}}],"collection":[{"href":"http:\/\/www.elkindeco.com\/index.php?rest_route=\/wp\/v2\/posts"}],"about":[{"href":"http:\/\/www.elkindeco.com\/index.php?rest_route=\/wp\/v2\/types\/post"}],"author":[{"embeddable":true,"href":"http:\/\/www.elkindeco.com\/index.php?rest_route=\/wp\/v2\/users\/1"}],"replies":[{"embeddable":true,"href":"http:\/\/www.elkindeco.com\/index.php?rest_route=%2Fwp%2Fv2%2Fcomments&post=35461"}],"version-history":[{"count":1,"href":"http:\/\/www.elkindeco.com\/index.php?rest_route=\/wp\/v2\/posts\/35461\/revisions"}],"predecessor-version":[{"id":35466,"href":"http:\/\/www.elkindeco.com\/index.php?rest_route=\/wp\/v2\/posts\/35461\/revisions\/35466"}],"wp:featuredmedia":[{"embeddable":true,"href":"http:\/\/www.elkindeco.com\/index.php?rest_route=\/wp\/v2\/media\/35462"}],"wp:attachment":[{"href":"http:\/\/www.elkindeco.com\/index.php?rest_route=%2Fwp%2Fv2%2Fmedia&parent=35461"}],"wp:term":[{"taxonomy":"category","embeddable":true,"href":"http:\/\/www.elkindeco.com\/index.php?rest_route=%2Fwp%2Fv2%2Fcategories&post=35461"},{"taxonomy":"post_tag","embeddable":true,"href":"http:\/\/www.elkindeco.com\/index.php?rest_route=%2Fwp%2Fv2%2Ftags&post=35461"}],"curies":[{"name":"wp","href":"https:\/\/api.w.org\/{rel}","templated":true}]}}