{"id":35707,"date":"2022-03-30T17:27:17","date_gmt":"2022-03-30T20:27:17","guid":{"rendered":"http:\/\/www.elkindeco.com\/?p=35707"},"modified":"2022-03-30T17:27:17","modified_gmt":"2022-03-30T20:27:17","slug":"mesa-de-sala-centro-frances-luis-xv-oval-bronce","status":"publish","type":"post","link":"http:\/\/www.elkindeco.com\/?p=35707","title":{"rendered":"Mesa De Sala Centro Frances Luis Xv Oval Bronce"},"content":{"rendered":"<p><img loading=\"lazy\" decoding=\"async\" class=\"alignnone size-full wp-image-35708\" src=\"http:\/\/www.elkindeco.com\/web\/wp-content\/uploads\/2022\/03\/8175-6876.jpg\" alt=\"\" width=\"750\" height=\"500\" srcset=\"http:\/\/www.elkindeco.com\/web\/wp-content\/uploads\/2022\/03\/8175-6876.jpg 750w, http:\/\/www.elkindeco.com\/web\/wp-content\/uploads\/2022\/03\/8175-6876-720x480.jpg 720w, http:\/\/www.elkindeco.com\/web\/wp-content\/uploads\/2022\/03\/8175-6876-196x131.jpg 196w\" sizes=\"auto, (max-width: 750px) 100vw, 750px\" \/> <img loading=\"lazy\" decoding=\"async\" class=\"alignnone size-full wp-image-35709\" src=\"http:\/\/www.elkindeco.com\/web\/wp-content\/uploads\/2022\/03\/8175-6876_1.jpg\" alt=\"\" width=\"750\" height=\"500\" srcset=\"http:\/\/www.elkindeco.com\/web\/wp-content\/uploads\/2022\/03\/8175-6876_1.jpg 750w, http:\/\/www.elkindeco.com\/web\/wp-content\/uploads\/2022\/03\/8175-6876_1-720x480.jpg 720w, http:\/\/www.elkindeco.com\/web\/wp-content\/uploads\/2022\/03\/8175-6876_1-196x131.jpg 196w\" sizes=\"auto, (max-width: 750px) 100vw, 750px\" \/><\/p>\n<p><img loading=\"lazy\" decoding=\"async\" class=\"alignnone size-full wp-image-35711\" src=\"http:\/\/www.elkindeco.com\/web\/wp-content\/uploads\/2022\/03\/8175-6876_2.jpg\" alt=\"\" width=\"750\" height=\"500\" srcset=\"http:\/\/www.elkindeco.com\/web\/wp-content\/uploads\/2022\/03\/8175-6876_2.jpg 750w, http:\/\/www.elkindeco.com\/web\/wp-content\/uploads\/2022\/03\/8175-6876_2-720x480.jpg 720w, http:\/\/www.elkindeco.com\/web\/wp-content\/uploads\/2022\/03\/8175-6876_2-196x131.jpg 196w\" sizes=\"auto, (max-width: 750px) 100vw, 750px\" \/><\/p>\n<p>&nbsp;<\/p>\n<p>&#8211; Mesa de sala estilo franc\u00e9s Luis XV con baranda de bronce<br \/>\n&#8211; De calidad excepcional, es ideal para embellecer de forma \u00fanica cualquier ambiente de su hogar<\/p>\n<p>MEDIDAS: de alto x de di\u00e1metro<\/p>\n<p>C\u00d3DIGO: 8175-6876<\/p>\n","protected":false},"excerpt":{"rendered":"<p>&nbsp; &#8211; Mesa de sala estilo franc\u00e9s Luis XV con baranda de bronce &#8211; De calidad excepcional, es ideal para embellecer de forma \u00fanica cualquier ambiente de su hogar MEDIDAS: de alto x de di\u00e1metro C\u00d3DIGO: 8175-6876<\/p>\n","protected":false},"author":1,"featured_media":35708,"comment_status":"open","ping_status":"open","sticky":false,"template":"","format":"standard","meta":{"footnotes":""},"categories":[9],"tags":[],"class_list":["post-35707","post","type-post","status-publish","format-standard","has-post-thumbnail","hentry","category-mesas"],"_links":{"self":[{"href":"http:\/\/www.elkindeco.com\/index.php?rest_route=\/wp\/v2\/posts\/35707","targetHints":{"allow":["GET"]}}],"collection":[{"href":"http:\/\/www.elkindeco.com\/index.php?rest_route=\/wp\/v2\/posts"}],"about":[{"href":"http:\/\/www.elkindeco.com\/index.php?rest_route=\/wp\/v2\/types\/post"}],"author":[{"embeddable":true,"href":"http:\/\/www.elkindeco.com\/index.php?rest_route=\/wp\/v2\/users\/1"}],"replies":[{"embeddable":true,"href":"http:\/\/www.elkindeco.com\/index.php?rest_route=%2Fwp%2Fv2%2Fcomments&post=35707"}],"version-history":[{"count":1,"href":"http:\/\/www.elkindeco.com\/index.php?rest_route=\/wp\/v2\/posts\/35707\/revisions"}],"predecessor-version":[{"id":35712,"href":"http:\/\/www.elkindeco.com\/index.php?rest_route=\/wp\/v2\/posts\/35707\/revisions\/35712"}],"wp:featuredmedia":[{"embeddable":true,"href":"http:\/\/www.elkindeco.com\/index.php?rest_route=\/wp\/v2\/media\/35708"}],"wp:attachment":[{"href":"http:\/\/www.elkindeco.com\/index.php?rest_route=%2Fwp%2Fv2%2Fmedia&parent=35707"}],"wp:term":[{"taxonomy":"category","embeddable":true,"href":"http:\/\/www.elkindeco.com\/index.php?rest_route=%2Fwp%2Fv2%2Fcategories&post=35707"},{"taxonomy":"post_tag","embeddable":true,"href":"http:\/\/www.elkindeco.com\/index.php?rest_route=%2Fwp%2Fv2%2Ftags&post=35707"}],"curies":[{"name":"wp","href":"https:\/\/api.w.org\/{rel}","templated":true}]}}