{"id":35808,"date":"2023-01-11T17:07:00","date_gmt":"2023-01-11T20:07:00","guid":{"rendered":"http:\/\/www.elkindeco.com\/?p=35808"},"modified":"2023-01-11T17:07:00","modified_gmt":"2023-01-11T20:07:00","slug":"par-de-mesas-de-luz-de-madera-con-vidrio-y-espejo","status":"publish","type":"post","link":"http:\/\/www.elkindeco.com\/?p=35808","title":{"rendered":"Par De Mesas De Luz De Madera Con Vidrio Y Espejo"},"content":{"rendered":"<p><img loading=\"lazy\" decoding=\"async\" class=\"alignnone size-full wp-image-35809\" src=\"http:\/\/www.elkindeco.com\/web\/wp-content\/uploads\/2023\/01\/8178-0938.jpg\" alt=\"\" width=\"750\" height=\"500\" srcset=\"http:\/\/www.elkindeco.com\/web\/wp-content\/uploads\/2023\/01\/8178-0938.jpg 750w, http:\/\/www.elkindeco.com\/web\/wp-content\/uploads\/2023\/01\/8178-0938-720x480.jpg 720w, http:\/\/www.elkindeco.com\/web\/wp-content\/uploads\/2023\/01\/8178-0938-196x131.jpg 196w\" sizes=\"auto, (max-width: 750px) 100vw, 750px\" \/><\/p>\n<p>&nbsp;<\/p>\n<p>&#8211; Par de mesas de luz estilo franc\u00e9s Luis XVI con tapa de m\u00e1rmol<br \/>\n&#8211; Son ideales para embellecer de forma \u00fanica su dormitorio<\/p>\n<p>MEDIDAS: ALTO ? \/ ANCHO ? \/ PROFUNDIDAD ?<\/p>\n<p>C\u00d3DIGO: 8178-0938<\/p>\n<p>&nbsp;<\/p>\n<p>&nbsp;<\/p>\n","protected":false},"excerpt":{"rendered":"<p>&nbsp; &#8211; Par de mesas de luz estilo franc\u00e9s Luis XVI con tapa de m\u00e1rmol &#8211; Son ideales para embellecer de forma \u00fanica su dormitorio MEDIDAS: ALTO ? \/ ANCHO ? \/ PROFUNDIDAD ? C\u00d3DIGO: 8178-0938 &nbsp; &nbsp;<\/p>\n","protected":false},"author":1,"featured_media":35809,"comment_status":"open","ping_status":"open","sticky":false,"template":"","format":"standard","meta":{"footnotes":""},"categories":[25],"tags":[],"class_list":["post-35808","post","type-post","status-publish","format-standard","has-post-thumbnail","hentry","category-mesas-de-luz"],"_links":{"self":[{"href":"http:\/\/www.elkindeco.com\/index.php?rest_route=\/wp\/v2\/posts\/35808","targetHints":{"allow":["GET"]}}],"collection":[{"href":"http:\/\/www.elkindeco.com\/index.php?rest_route=\/wp\/v2\/posts"}],"about":[{"href":"http:\/\/www.elkindeco.com\/index.php?rest_route=\/wp\/v2\/types\/post"}],"author":[{"embeddable":true,"href":"http:\/\/www.elkindeco.com\/index.php?rest_route=\/wp\/v2\/users\/1"}],"replies":[{"embeddable":true,"href":"http:\/\/www.elkindeco.com\/index.php?rest_route=%2Fwp%2Fv2%2Fcomments&post=35808"}],"version-history":[{"count":1,"href":"http:\/\/www.elkindeco.com\/index.php?rest_route=\/wp\/v2\/posts\/35808\/revisions"}],"predecessor-version":[{"id":35810,"href":"http:\/\/www.elkindeco.com\/index.php?rest_route=\/wp\/v2\/posts\/35808\/revisions\/35810"}],"wp:featuredmedia":[{"embeddable":true,"href":"http:\/\/www.elkindeco.com\/index.php?rest_route=\/wp\/v2\/media\/35809"}],"wp:attachment":[{"href":"http:\/\/www.elkindeco.com\/index.php?rest_route=%2Fwp%2Fv2%2Fmedia&parent=35808"}],"wp:term":[{"taxonomy":"category","embeddable":true,"href":"http:\/\/www.elkindeco.com\/index.php?rest_route=%2Fwp%2Fv2%2Fcategories&post=35808"},{"taxonomy":"post_tag","embeddable":true,"href":"http:\/\/www.elkindeco.com\/index.php?rest_route=%2Fwp%2Fv2%2Ftags&post=35808"}],"curies":[{"name":"wp","href":"https:\/\/api.w.org\/{rel}","templated":true}]}}