{"id":36077,"date":"2024-09-17T15:00:34","date_gmt":"2024-09-17T18:00:34","guid":{"rendered":"http:\/\/www.elkindeco.com\/?p=36077"},"modified":"2024-09-17T15:39:04","modified_gmt":"2024-09-17T18:39:04","slug":"biblioteca-estante-estilo-frances-luis-xvi-marmol-16","status":"publish","type":"post","link":"http:\/\/www.elkindeco.com\/?p=36077","title":{"rendered":"Biblioteca Estante Estilo Frances Luis Xvi Marmol"},"content":{"rendered":"<p><img loading=\"lazy\" decoding=\"async\" class=\"alignnone size-full wp-image-36097\" src=\"http:\/\/www.elkindeco.com\/web\/wp-content\/uploads\/2024\/08\/20240913_163154-scaled.jpg\" alt=\"\" width=\"2560\" height=\"2560\" srcset=\"http:\/\/www.elkindeco.com\/web\/wp-content\/uploads\/2024\/08\/20240913_163154-scaled.jpg 2560w, http:\/\/www.elkindeco.com\/web\/wp-content\/uploads\/2024\/08\/20240913_163154-480x480.jpg 480w, http:\/\/www.elkindeco.com\/web\/wp-content\/uploads\/2024\/08\/20240913_163154-131x131.jpg 131w, http:\/\/www.elkindeco.com\/web\/wp-content\/uploads\/2024\/08\/20240913_163154-768x768.jpg 768w, http:\/\/www.elkindeco.com\/web\/wp-content\/uploads\/2024\/08\/20240913_163154-1536x1536.jpg 1536w, http:\/\/www.elkindeco.com\/web\/wp-content\/uploads\/2024\/08\/20240913_163154-2048x2048.jpg 2048w\" sizes=\"auto, (max-width: 2560px) 100vw, 2560px\" \/><\/p>\n<p><img loading=\"lazy\" decoding=\"async\" class=\"alignnone size-full wp-image-36099\" src=\"http:\/\/www.elkindeco.com\/web\/wp-content\/uploads\/2024\/08\/20240913_163222-scaled.jpg\" alt=\"\" width=\"2560\" height=\"2560\" srcset=\"http:\/\/www.elkindeco.com\/web\/wp-content\/uploads\/2024\/08\/20240913_163222-scaled.jpg 2560w, http:\/\/www.elkindeco.com\/web\/wp-content\/uploads\/2024\/08\/20240913_163222-480x480.jpg 480w, http:\/\/www.elkindeco.com\/web\/wp-content\/uploads\/2024\/08\/20240913_163222-131x131.jpg 131w, http:\/\/www.elkindeco.com\/web\/wp-content\/uploads\/2024\/08\/20240913_163222-768x768.jpg 768w, http:\/\/www.elkindeco.com\/web\/wp-content\/uploads\/2024\/08\/20240913_163222-1536x1536.jpg 1536w, http:\/\/www.elkindeco.com\/web\/wp-content\/uploads\/2024\/08\/20240913_163222-2048x2048.jpg 2048w\" sizes=\"auto, (max-width: 2560px) 100vw, 2560px\" \/><\/p>\n<p>&nbsp;<\/p>\n<p>&#8211; Biblioteca estante estilo Franc\u00e9s Luis XVI de madera con tapa de marmol y 2 cajones<br \/>\n&#8211; Posee un pr\u00e1ctico estante y cajones superiores<\/p>\n<p>MEDIDAS: alto 92cm x ancho 80cm x profundidad 20cm<\/p>\n<p>C\u00d3DIGO: 7275-9455<\/p>\n","protected":false},"excerpt":{"rendered":"<p>&nbsp; &#8211; Biblioteca estante estilo Franc\u00e9s Luis XVI de madera con tapa de marmol y 2 cajones &#8211; Posee un pr\u00e1ctico estante y cajones superiores MEDIDAS: alto 92cm x ancho 80cm x profundidad 20cm C\u00d3DIGO: 7275-9455<\/p>\n","protected":false},"author":1,"featured_media":36096,"comment_status":"open","ping_status":"open","sticky":false,"template":"","format":"standard","meta":{"footnotes":""},"categories":[12],"tags":[],"class_list":["post-36077","post","type-post","status-publish","format-standard","has-post-thumbnail","hentry","category-bibliotecas"],"_links":{"self":[{"href":"http:\/\/www.elkindeco.com\/index.php?rest_route=\/wp\/v2\/posts\/36077","targetHints":{"allow":["GET"]}}],"collection":[{"href":"http:\/\/www.elkindeco.com\/index.php?rest_route=\/wp\/v2\/posts"}],"about":[{"href":"http:\/\/www.elkindeco.com\/index.php?rest_route=\/wp\/v2\/types\/post"}],"author":[{"embeddable":true,"href":"http:\/\/www.elkindeco.com\/index.php?rest_route=\/wp\/v2\/users\/1"}],"replies":[{"embeddable":true,"href":"http:\/\/www.elkindeco.com\/index.php?rest_route=%2Fwp%2Fv2%2Fcomments&post=36077"}],"version-history":[{"count":3,"href":"http:\/\/www.elkindeco.com\/index.php?rest_route=\/wp\/v2\/posts\/36077\/revisions"}],"predecessor-version":[{"id":36100,"href":"http:\/\/www.elkindeco.com\/index.php?rest_route=\/wp\/v2\/posts\/36077\/revisions\/36100"}],"wp:featuredmedia":[{"embeddable":true,"href":"http:\/\/www.elkindeco.com\/index.php?rest_route=\/wp\/v2\/media\/36096"}],"wp:attachment":[{"href":"http:\/\/www.elkindeco.com\/index.php?rest_route=%2Fwp%2Fv2%2Fmedia&parent=36077"}],"wp:term":[{"taxonomy":"category","embeddable":true,"href":"http:\/\/www.elkindeco.com\/index.php?rest_route=%2Fwp%2Fv2%2Fcategories&post=36077"},{"taxonomy":"post_tag","embeddable":true,"href":"http:\/\/www.elkindeco.com\/index.php?rest_route=%2Fwp%2Fv2%2Ftags&post=36077"}],"curies":[{"name":"wp","href":"https:\/\/api.w.org\/{rel}","templated":true}]}}