{"id":10244,"date":"2011-12-19T16:13:50","date_gmt":"2011-12-19T19:13:50","guid":{"rendered":"http:\/\/www.elkindeco.com\/web\/?p=10244"},"modified":"2011-12-19T16:14:01","modified_gmt":"2011-12-19T19:14:01","slug":"par-de-mesas-de-luz-fracesas-luis-xvi-marmol-7","status":"publish","type":"post","link":"https:\/\/www.elkindeco.com\/?p=10244","title":{"rendered":"Par De Mesas De Luz Fracesas Luis XVI Marmol"},"content":{"rendered":"<p><a href=\"http:\/\/www.elkindeco.com\/web\/wp-content\/uploads\/2011\/12\/80471069.jpg\"><img loading=\"lazy\" decoding=\"async\" style=\"border-bottom: 0px; border-left: 0px; display: inline; border-top: 0px; border-right: 0px\" title=\"8047-1069\" border=\"0\" alt=\"8047-1069\" src=\"http:\/\/www.elkindeco.com\/web\/wp-content\/uploads\/2011\/12\/80471069_thumb.jpg\" width=\"720\" height=\"479\" \/><\/a> <\/p>\n<p><a href=\"http:\/\/www.elkindeco.com\/web\/wp-content\/uploads\/2011\/12\/80471069_1.jpg\"><img loading=\"lazy\" decoding=\"async\" style=\"border-bottom: 0px; border-left: 0px; display: inline; border-top: 0px; border-right: 0px\" title=\"8047-1069_1\" border=\"0\" alt=\"8047-1069_1\" src=\"http:\/\/www.elkindeco.com\/web\/wp-content\/uploads\/2011\/12\/80471069_1_thumb.jpg\" width=\"479\" height=\"720\" \/><\/a><\/p>\n<p>&#160;<a href=\"http:\/\/www.elkindeco.com\/web\/wp-content\/uploads\/2011\/12\/80471069_2.jpg\"><img loading=\"lazy\" decoding=\"async\" style=\"border-bottom: 0px; border-left: 0px; display: inline; border-top: 0px; border-right: 0px\" title=\"8047-1069_2\" border=\"0\" alt=\"8047-1069_2\" src=\"http:\/\/www.elkindeco.com\/web\/wp-content\/uploads\/2011\/12\/80471069_2_thumb.jpg\" width=\"479\" height=\"720\" \/><\/a> <\/p>\n<\/p>\n<table border=\"0\" cellspacing=\"4\" cellpadding=\"4\" width=\"600\" bgcolor=\"#a9c5b7\">\n<tbody>\n<tr>\n<td>\n<p align=\"justify\"><font size=\"5\">Espectacular par de mesas de luz estilo franc\u00e9s Luis XVI con tapa de m\u00e1rmol y baranda de bronce <\/font><\/p>\n<p align=\"justify\"><font size=\"5\">Son ideales para embellecer de forma \u00fanica su dormitorio <\/font><\/p>\n<p align=\"justify\"><font size=\"5\">Una de las mesas posee un pr\u00e1ctico caj\u00f3n y una puerta inferior y la otra 3 cajones con los tiradores de bronce<\/font><\/p>\n<\/td>\n<\/tr>\n<\/tbody>\n<\/table>\n<table border=\"0\" bordercolorlight=\"#ffffff\" bordercolordark=\"#ffffff\" cellpadding=\"2\" width=\"1\" bgcolor=\"#ffffff\">\n<tbody>\n<tr>\n<td>&#160;<\/td>\n<\/tr>\n<\/tbody>\n<\/table>\n<table border=\"0\" cellspacing=\"3\" cellpadding=\"3\" width=\"240\" bgcolor=\"#dfe9a0\">\n<tbody>\n<tr>\n<td><font size=\"4\"><b>MEDIDAS<\/b><\/font><\/td>\n<\/tr>\n<tr>\n<td>\n<table border=\"0\" cellspacing=\"0\" cellpadding=\"0\" width=\"100%\">\n<tbody>\n<tr>\n<td width=\"152\"><font size=\"4\">ALTO<\/font><\/td>\n<td width=\"76\"><font size=\"4\">0.69m<\/font><\/td>\n<\/tr>\n<tr>\n<td><font size=\"4\">ANCHO<\/font><\/td>\n<td><font size=\"4\">0.46m<\/font><\/td>\n<\/tr>\n<tr>\n<td><font size=\"4\">PROFUNDIDAD<\/font><\/td>\n<td><font size=\"4\">0.37m<\/font><\/td>\n<\/tr>\n<\/tbody>\n<\/table>\n<\/td>\n<\/tr>\n<\/tbody>\n<\/table>\n<table border=\"0\" bordercolorlight=\"#ffffff\" bordercolordark=\"#ffffff\" cellpadding=\"2\" width=\"1\" bgcolor=\"#ffffff\">\n<tbody>\n<tr>\n<td>&#160;<\/td>\n<\/tr>\n<\/tbody>\n<\/table>\n<table border=\"0\" cellspacing=\"1\" width=\"110\" bgcolor=\"#c7d69d\">\n<tbody>\n<tr>\n<td><b><font size=\"1\">C\u00d3DIGO: 8047-1069<\/font><\/b><\/td>\n<\/tr>\n<\/tbody>\n<\/table>\n","protected":false},"excerpt":{"rendered":"<p>&#160; Espectacular par de mesas de luz estilo franc\u00e9s Luis XVI con tapa de m\u00e1rmol y baranda de bronce Son ideales para embellecer de forma \u00fanica su dormitorio Una de las mesas posee un pr\u00e1ctico caj\u00f3n y una puerta inferior y la otra 3 cajones con los tiradores de bronce &#160; MEDIDAS ALTO 0.69m ANCHO [&hellip;]<\/p>\n","protected":false},"author":1,"featured_media":10238,"comment_status":"open","ping_status":"open","sticky":false,"template":"","format":"standard","meta":{"footnotes":""},"categories":[25],"tags":[],"class_list":["post-10244","post","type-post","status-publish","format-standard","has-post-thumbnail","hentry","category-mesas-de-luz"],"_links":{"self":[{"href":"https:\/\/www.elkindeco.com\/index.php?rest_route=\/wp\/v2\/posts\/10244","targetHints":{"allow":["GET"]}}],"collection":[{"href":"https:\/\/www.elkindeco.com\/index.php?rest_route=\/wp\/v2\/posts"}],"about":[{"href":"https:\/\/www.elkindeco.com\/index.php?rest_route=\/wp\/v2\/types\/post"}],"author":[{"embeddable":true,"href":"https:\/\/www.elkindeco.com\/index.php?rest_route=\/wp\/v2\/users\/1"}],"replies":[{"embeddable":true,"href":"https:\/\/www.elkindeco.com\/index.php?rest_route=%2Fwp%2Fv2%2Fcomments&post=10244"}],"version-history":[{"count":0,"href":"https:\/\/www.elkindeco.com\/index.php?rest_route=\/wp\/v2\/posts\/10244\/revisions"}],"wp:featuredmedia":[{"embeddable":true,"href":"https:\/\/www.elkindeco.com\/index.php?rest_route=\/wp\/v2\/media\/10238"}],"wp:attachment":[{"href":"https:\/\/www.elkindeco.com\/index.php?rest_route=%2Fwp%2Fv2%2Fmedia&parent=10244"}],"wp:term":[{"taxonomy":"category","embeddable":true,"href":"https:\/\/www.elkindeco.com\/index.php?rest_route=%2Fwp%2Fv2%2Fcategories&post=10244"},{"taxonomy":"post_tag","embeddable":true,"href":"https:\/\/www.elkindeco.com\/index.php?rest_route=%2Fwp%2Fv2%2Ftags&post=10244"}],"curies":[{"name":"wp","href":"https:\/\/api.w.org\/{rel}","templated":true}]}}