{"id":12773,"date":"2012-06-13T19:11:30","date_gmt":"2012-06-13T22:11:30","guid":{"rendered":"http:\/\/www.elkindeco.com\/web\/?p=12773"},"modified":"2012-06-14T16:08:13","modified_gmt":"2012-06-14T19:08:13","slug":"par-de-mesas-de-luz-estilo-frances-luis-xvi-marmol","status":"publish","type":"post","link":"https:\/\/www.elkindeco.com\/?p=12773","title":{"rendered":"Par De Mesas De Luz Estilo Frances Luis Xvi Marmol"},"content":{"rendered":"<p><a href=\"http:\/\/www.elkindeco.com\/web\/wp-content\/uploads\/2012\/06\/7125-2939.jpg\"><img loading=\"lazy\" decoding=\"async\" style=\"background-image: none; padding-left: 0px; padding-right: 0px; display: inline; padding-top: 0px; border: 0px;\" title=\"7125-2939\" src=\"http:\/\/www.elkindeco.com\/web\/wp-content\/uploads\/2012\/06\/7125-2939_thumb.jpg\" alt=\"7125-2939\" width=\"724\" height=\"483\" border=\"0\" \/><\/a><\/p>\n<p><a href=\"http:\/\/www.elkindeco.com\/web\/wp-content\/uploads\/2012\/06\/7125-2939_1.jpg\"><img loading=\"lazy\" decoding=\"async\" style=\"background-image: none; padding-left: 0px; padding-right: 0px; display: inline; padding-top: 0px; border: 0px;\" title=\"7125-2939_1\" src=\"http:\/\/www.elkindeco.com\/web\/wp-content\/uploads\/2012\/06\/7125-2939_1_thumb.jpg\" alt=\"7125-2939_1\" width=\"483\" height=\"724\" border=\"0\" \/><\/a><\/p>\n<table width=\"600\" border=\"0\" cellspacing=\"4\" cellpadding=\"4\" bgcolor=\"#a9c5b7\">\n<tbody>\n<tr>\n<td><span style=\"font-size: x-large;\">Espectacular par de mesas de luz estilo franc\u00e9s Luis XVI con tapa de m\u00e1rmol <\/span><\/p>\n<p><span style=\"font-size: x-large;\">Son ideales para embellecer de forma \u00fanica su dormitorio<\/span><\/td>\n<\/tr>\n<\/tbody>\n<\/table>\n<table width=\"1\" border=\"0\" cellpadding=\"2\" bgcolor=\"#ffffff\">\n<tbody>\n<tr>\n<td><\/td>\n<\/tr>\n<\/tbody>\n<\/table>\n<table width=\"240\" border=\"0\" cellspacing=\"3\" cellpadding=\"3\" bgcolor=\"#dfe9a0\">\n<tbody>\n<tr>\n<td><span style=\"font-size: large;\"><strong>MEDIDAS<\/strong><\/span><\/td>\n<\/tr>\n<tr>\n<td>\n<table width=\"100%\" border=\"0\" cellspacing=\"0\" cellpadding=\"0\">\n<tbody>\n<tr>\n<td width=\"152\"><span style=\"font-size: large;\">ALTO<\/span><\/td>\n<td width=\"76\"><span style=\"font-size: large;\">0.63m<\/span><\/td>\n<\/tr>\n<tr>\n<td><span style=\"font-size: large;\">ANCHO<\/span><\/td>\n<td><span style=\"font-size: large;\">0.50m<\/span><\/td>\n<\/tr>\n<tr>\n<td><span style=\"font-size: large;\">PROFUNDIDAD<\/span><\/td>\n<td><span style=\"font-size: large;\">0.31m<\/span><\/td>\n<\/tr>\n<\/tbody>\n<\/table>\n<\/td>\n<\/tr>\n<\/tbody>\n<\/table>\n<table width=\"1\" border=\"0\" cellpadding=\"2\" bgcolor=\"#ffffff\">\n<tbody>\n<tr>\n<td><\/td>\n<\/tr>\n<\/tbody>\n<\/table>\n<table width=\"163\" border=\"0\" cellspacing=\"1\" bgcolor=\"#c7d69d\">\n<tbody>\n<tr>\n<td width=\"133\"><strong><span style=\"font-size: small;\">C\u00d3DIGO: 7125-2930<\/span><\/strong><\/td>\n<\/tr>\n<\/tbody>\n<\/table>\n","protected":false},"excerpt":{"rendered":"<p>Espectacular par de mesas de luz estilo franc\u00e9s Luis XVI con tapa de m\u00e1rmol Son ideales para embellecer de forma \u00fanica su dormitorio MEDIDAS ALTO 0.63m ANCHO 0.50m PROFUNDIDAD 0.31m C\u00d3DIGO: 7125-2930<\/p>\n","protected":false},"author":1,"featured_media":12769,"comment_status":"open","ping_status":"open","sticky":false,"template":"","format":"standard","meta":{"footnotes":""},"categories":[25],"tags":[],"class_list":["post-12773","post","type-post","status-publish","format-standard","has-post-thumbnail","hentry","category-mesas-de-luz"],"_links":{"self":[{"href":"https:\/\/www.elkindeco.com\/index.php?rest_route=\/wp\/v2\/posts\/12773","targetHints":{"allow":["GET"]}}],"collection":[{"href":"https:\/\/www.elkindeco.com\/index.php?rest_route=\/wp\/v2\/posts"}],"about":[{"href":"https:\/\/www.elkindeco.com\/index.php?rest_route=\/wp\/v2\/types\/post"}],"author":[{"embeddable":true,"href":"https:\/\/www.elkindeco.com\/index.php?rest_route=\/wp\/v2\/users\/1"}],"replies":[{"embeddable":true,"href":"https:\/\/www.elkindeco.com\/index.php?rest_route=%2Fwp%2Fv2%2Fcomments&post=12773"}],"version-history":[{"count":0,"href":"https:\/\/www.elkindeco.com\/index.php?rest_route=\/wp\/v2\/posts\/12773\/revisions"}],"wp:featuredmedia":[{"embeddable":true,"href":"https:\/\/www.elkindeco.com\/index.php?rest_route=\/wp\/v2\/media\/12769"}],"wp:attachment":[{"href":"https:\/\/www.elkindeco.com\/index.php?rest_route=%2Fwp%2Fv2%2Fmedia&parent=12773"}],"wp:term":[{"taxonomy":"category","embeddable":true,"href":"https:\/\/www.elkindeco.com\/index.php?rest_route=%2Fwp%2Fv2%2Fcategories&post=12773"},{"taxonomy":"post_tag","embeddable":true,"href":"https:\/\/www.elkindeco.com\/index.php?rest_route=%2Fwp%2Fv2%2Ftags&post=12773"}],"curies":[{"name":"wp","href":"https:\/\/api.w.org\/{rel}","templated":true}]}}