{"id":18375,"date":"2013-05-15T16:08:14","date_gmt":"2013-05-15T19:08:14","guid":{"rendered":"http:\/\/www.elkindeco.com\/web\/?p=18375"},"modified":"2013-05-15T16:08:15","modified_gmt":"2013-05-15T19:08:15","slug":"cama-estilo-frances-luis-xvi-de-1-plaza","status":"publish","type":"post","link":"https:\/\/www.elkindeco.com\/?p=18375","title":{"rendered":"Cama Estilo Frances Luis Xvi De 1 Plaza"},"content":{"rendered":"<p><a href=\"http:\/\/www.elkindeco.com\/web\/wp-content\/uploads\/2013\/05\/7142-2377B.jpg\"><img loading=\"lazy\" decoding=\"async\" title=\"7142-2377B\" style=\"border-top: 0px; border-right: 0px; background-image: none; border-bottom: 0px; padding-top: 0px; padding-left: 0px; margin: 0px; border-left: 0px; display: inline; padding-right: 0px\" border=\"0\" alt=\"7142-2377B\" src=\"http:\/\/www.elkindeco.com\/web\/wp-content\/uploads\/2013\/05\/7142-2377B_thumb.jpg\" width=\"720\" height=\"480\" \/><\/a><\/p>\n<p><a href=\"http:\/\/www.elkindeco.com\/web\/wp-content\/uploads\/2013\/05\/7142-2377B_1.jpg\"><img loading=\"lazy\" decoding=\"async\" title=\"7142-2377B_1\" style=\"border-top: 0px; border-right: 0px; background-image: none; border-bottom: 0px; padding-top: 0px; padding-left: 0px; margin: 0px; border-left: 0px; display: inline; padding-right: 0px\" border=\"0\" alt=\"7142-2377B_1\" src=\"http:\/\/www.elkindeco.com\/web\/wp-content\/uploads\/2013\/05\/7142-2377B_1_thumb.jpg\" width=\"720\" height=\"480\" \/><\/a><\/p>\n<p><a href=\"http:\/\/www.elkindeco.com\/web\/wp-content\/uploads\/2013\/05\/7142-2377B_2.jpg\"><img loading=\"lazy\" decoding=\"async\" title=\"7142-2377B_2\" style=\"border-top: 0px; border-right: 0px; background-image: none; border-bottom: 0px; padding-top: 0px; padding-left: 0px; border-left: 0px; display: inline; padding-right: 0px\" border=\"0\" alt=\"7142-2377B_2\" src=\"http:\/\/www.elkindeco.com\/web\/wp-content\/uploads\/2013\/05\/7142-2377B_2_thumb.jpg\" width=\"720\" height=\"480\" \/><\/a><\/p>\n<p>&#160;<\/p>\n<table cellspacing=\"4\" cellpadding=\"4\" width=\"600\" bgcolor=\"#a9c5b7\" border=\"0\">\n<tbody>\n<tr>\n<td>\n<p><font size=\"5\">Espectacular antigua cama estilo franc\u00e9s Luis XVI de 1 plaza<\/font><\/p>\n<p><font size=\"5\">De calidad excepcional, es ideal para embellecer de forma \u00fanica su dormitorio<\/font><\/p>\n<p><font size=\"5\">Se entrega completa, con los largueros y la parrilla de madera<\/font><\/p>\n<p><font size=\"5\">TAMBI\u00c9N PATINAMOS! Consulte por todo tipo de p\u00e1tinas (blanco, negro, hueso, decap\u00e9, etc)<\/font><\/p>\n<\/td>\n<\/tr>\n<\/tbody>\n<\/table>\n<table bordercolordark=\"#ffffff\" cellpadding=\"2\" width=\"1\" bgcolor=\"#ffffff\" bordercolorlight=\"#ffffff\" border=\"0\">\n<tbody>\n<tr>\n<td>&#160;<\/td>\n<\/tr>\n<\/tbody>\n<\/table>\n<table cellspacing=\"3\" cellpadding=\"3\" width=\"240\" bgcolor=\"#dfe9a0\" border=\"0\">\n<tbody>\n<tr>\n<td><font size=\"4\"><b>MEDIDAS<\/b><\/font><\/td>\n<\/tr>\n<tr>\n<td>\n<table cellspacing=\"0\" cellpadding=\"0\" width=\"100%\" border=\"0\">\n<tbody>\n<tr>\n<td width=\"152\"><font size=\"4\">ALTO<\/font><\/td>\n<td width=\"76\"><font size=\"4\">110cm<\/font><\/td>\n<\/tr>\n<tr>\n<td><font size=\"4\">ANCHO<\/font><\/td>\n<td><font size=\"4\">100cm<\/font><\/td>\n<\/tr>\n<tr>\n<td><font size=\"4\">PROFUNDIDAD<\/font><\/td>\n<td><font size=\"4\">90cm<\/font><\/td>\n<\/tr>\n<\/tbody>\n<\/table>\n<\/td>\n<\/tr>\n<\/tbody>\n<\/table>\n<table bordercolordark=\"#ffffff\" cellpadding=\"2\" width=\"1\" bgcolor=\"#ffffff\" bordercolorlight=\"#ffffff\" border=\"0\">\n<tbody>\n<tr>\n<td>&#160;<\/td>\n<\/tr>\n<\/tbody>\n<\/table>\n<table cellspacing=\"1\" width=\"225\" bgcolor=\"#c7d69d\" border=\"0\">\n<tbody>\n<tr>\n<td><b><font size=\"4\">C\u00d3DIGO: 7142-2377B<\/font><\/b><\/td>\n<\/tr>\n<\/tbody>\n<\/table>\n","protected":false},"excerpt":{"rendered":"<p>&#160; Espectacular antigua cama estilo franc\u00e9s Luis XVI de 1 plaza De calidad excepcional, es ideal para embellecer de forma \u00fanica su dormitorio Se entrega completa, con los largueros y la parrilla de madera TAMBI\u00c9N PATINAMOS! Consulte por todo tipo de p\u00e1tinas (blanco, negro, hueso, decap\u00e9, etc) &#160; MEDIDAS ALTO 110cm ANCHO 100cm PROFUNDIDAD 90cm [&hellip;]<\/p>\n","protected":false},"author":1,"featured_media":18369,"comment_status":"open","ping_status":"open","sticky":false,"template":"","format":"standard","meta":{"footnotes":""},"categories":[6],"tags":[],"class_list":["post-18375","post","type-post","status-publish","format-standard","has-post-thumbnail","hentry","category-camas"],"_links":{"self":[{"href":"https:\/\/www.elkindeco.com\/index.php?rest_route=\/wp\/v2\/posts\/18375","targetHints":{"allow":["GET"]}}],"collection":[{"href":"https:\/\/www.elkindeco.com\/index.php?rest_route=\/wp\/v2\/posts"}],"about":[{"href":"https:\/\/www.elkindeco.com\/index.php?rest_route=\/wp\/v2\/types\/post"}],"author":[{"embeddable":true,"href":"https:\/\/www.elkindeco.com\/index.php?rest_route=\/wp\/v2\/users\/1"}],"replies":[{"embeddable":true,"href":"https:\/\/www.elkindeco.com\/index.php?rest_route=%2Fwp%2Fv2%2Fcomments&post=18375"}],"version-history":[{"count":0,"href":"https:\/\/www.elkindeco.com\/index.php?rest_route=\/wp\/v2\/posts\/18375\/revisions"}],"wp:featuredmedia":[{"embeddable":true,"href":"https:\/\/www.elkindeco.com\/index.php?rest_route=\/wp\/v2\/media\/18369"}],"wp:attachment":[{"href":"https:\/\/www.elkindeco.com\/index.php?rest_route=%2Fwp%2Fv2%2Fmedia&parent=18375"}],"wp:term":[{"taxonomy":"category","embeddable":true,"href":"https:\/\/www.elkindeco.com\/index.php?rest_route=%2Fwp%2Fv2%2Fcategories&post=18375"},{"taxonomy":"post_tag","embeddable":true,"href":"https:\/\/www.elkindeco.com\/index.php?rest_route=%2Fwp%2Fv2%2Ftags&post=18375"}],"curies":[{"name":"wp","href":"https:\/\/api.w.org\/{rel}","templated":true}]}}