{"id":27848,"date":"2016-09-24T15:05:30","date_gmt":"2016-09-24T18:05:30","guid":{"rendered":"http:\/\/www.elkindeco.com\/web\/?p=27848"},"modified":"2016-09-24T15:05:30","modified_gmt":"2016-09-24T18:05:30","slug":"mesa-de-comedor-estilo-frances-tallada-3","status":"publish","type":"post","link":"https:\/\/www.elkindeco.com\/?p=27848","title":{"rendered":"Mesa De Comedor Estilo Frances Tallada"},"content":{"rendered":"<p><img loading=\"lazy\" decoding=\"async\" class=\"alignnone size-full wp-image-27849\" src=\"http:\/\/www.elkindeco.com\/web\/wp-content\/uploads\/2016\/09\/7197-8214.jpg\" alt=\"7197-8214\" width=\"720\" height=\"480\" srcset=\"https:\/\/www.elkindeco.com\/web\/wp-content\/uploads\/2016\/09\/7197-8214.jpg 720w, https:\/\/www.elkindeco.com\/web\/wp-content\/uploads\/2016\/09\/7197-8214-196x131.jpg 196w\" sizes=\"auto, (max-width: 720px) 100vw, 720px\" \/> <img loading=\"lazy\" decoding=\"async\" class=\"alignnone size-full wp-image-27850\" src=\"http:\/\/www.elkindeco.com\/web\/wp-content\/uploads\/2016\/09\/7197-8214_1.jpg\" alt=\"7197-8214_1\" width=\"720\" height=\"480\" srcset=\"https:\/\/www.elkindeco.com\/web\/wp-content\/uploads\/2016\/09\/7197-8214_1.jpg 720w, https:\/\/www.elkindeco.com\/web\/wp-content\/uploads\/2016\/09\/7197-8214_1-196x131.jpg 196w\" sizes=\"auto, (max-width: 720px) 100vw, 720px\" \/> <img loading=\"lazy\" decoding=\"async\" class=\"alignnone size-full wp-image-27851\" src=\"http:\/\/www.elkindeco.com\/web\/wp-content\/uploads\/2016\/09\/7197-8214_2.jpg\" alt=\"7197-8214_2\" width=\"720\" height=\"480\" srcset=\"https:\/\/www.elkindeco.com\/web\/wp-content\/uploads\/2016\/09\/7197-8214_2.jpg 720w, https:\/\/www.elkindeco.com\/web\/wp-content\/uploads\/2016\/09\/7197-8214_2-196x131.jpg 196w\" sizes=\"auto, (max-width: 720px) 100vw, 720px\" \/><\/p>\n<p>&nbsp;<\/p>\n<table border=\"0\" width=\"600\" cellspacing=\"4\" cellpadding=\"4\" bgcolor=\"#a9c5b7\">\n<tbody>\n<tr>\n<td>\n<p align=\"justify\">Espectacular mesa de comedor estilo Franc\u00e9s con base tallada<\/p>\n<p align=\"justify\">Es ideal para embellecer de forma \u00fanica su comedor<\/p>\n<p align=\"justify\">CONSULTAR POR EL RELUSTRADO DE LA MESA<\/p>\n<\/td>\n<\/tr>\n<\/tbody>\n<\/table>\n<p>&nbsp;<\/p>\n<table border=\"0\" cellspacing=\"4\" cellpadding=\"4\" bgcolor=\"#dfe9a0\">\n<tbody>\n<tr>\n<td width=\"120\"><b>MEDIDAS<\/b><\/td>\n<td><\/td>\n<\/tr>\n<tr>\n<td width=\"120\">ALTO<\/td>\n<td>78cm<\/td>\n<\/tr>\n<tr>\n<td width=\"120\">ANCHO<\/td>\n<td>160cm<\/td>\n<\/tr>\n<tr>\n<td width=\"120\">PROFUNDIDAD<\/td>\n<td>160cm<\/td>\n<\/tr>\n<\/tbody>\n<\/table>\n<p>&nbsp;<\/p>\n<table border=\"0\" width=\"280\" cellspacing=\"4\" cellpadding=\"4\" bgcolor=\"#c7d69d\">\n<tbody>\n<tr>\n<td width=\"90\"><b>C\u00d3DIGO:<\/b><\/td>\n<td>7197-8214<\/td>\n<\/tr>\n<\/tbody>\n<\/table>\n","protected":false},"excerpt":{"rendered":"<p>&nbsp; Espectacular mesa de comedor estilo Franc\u00e9s con base tallada Es ideal para embellecer de forma \u00fanica su comedor CONSULTAR POR EL RELUSTRADO DE LA MESA &nbsp; MEDIDAS ALTO 78cm ANCHO 160cm PROFUNDIDAD 160cm &nbsp; C\u00d3DIGO: 7197-8214<\/p>\n","protected":false},"author":1,"featured_media":27849,"comment_status":"open","ping_status":"open","sticky":false,"template":"","format":"standard","meta":{"footnotes":""},"categories":[9],"tags":[],"class_list":["post-27848","post","type-post","status-publish","format-standard","has-post-thumbnail","hentry","category-mesas"],"_links":{"self":[{"href":"https:\/\/www.elkindeco.com\/index.php?rest_route=\/wp\/v2\/posts\/27848","targetHints":{"allow":["GET"]}}],"collection":[{"href":"https:\/\/www.elkindeco.com\/index.php?rest_route=\/wp\/v2\/posts"}],"about":[{"href":"https:\/\/www.elkindeco.com\/index.php?rest_route=\/wp\/v2\/types\/post"}],"author":[{"embeddable":true,"href":"https:\/\/www.elkindeco.com\/index.php?rest_route=\/wp\/v2\/users\/1"}],"replies":[{"embeddable":true,"href":"https:\/\/www.elkindeco.com\/index.php?rest_route=%2Fwp%2Fv2%2Fcomments&post=27848"}],"version-history":[{"count":0,"href":"https:\/\/www.elkindeco.com\/index.php?rest_route=\/wp\/v2\/posts\/27848\/revisions"}],"wp:featuredmedia":[{"embeddable":true,"href":"https:\/\/www.elkindeco.com\/index.php?rest_route=\/wp\/v2\/media\/27849"}],"wp:attachment":[{"href":"https:\/\/www.elkindeco.com\/index.php?rest_route=%2Fwp%2Fv2%2Fmedia&parent=27848"}],"wp:term":[{"taxonomy":"category","embeddable":true,"href":"https:\/\/www.elkindeco.com\/index.php?rest_route=%2Fwp%2Fv2%2Fcategories&post=27848"},{"taxonomy":"post_tag","embeddable":true,"href":"https:\/\/www.elkindeco.com\/index.php?rest_route=%2Fwp%2Fv2%2Ftags&post=27848"}],"curies":[{"name":"wp","href":"https:\/\/api.w.org\/{rel}","templated":true}]}}