{"id":27859,"date":"2016-09-26T11:18:44","date_gmt":"2016-09-26T14:18:44","guid":{"rendered":"http:\/\/www.elkindeco.com\/web\/?p=27859"},"modified":"2016-09-26T11:18:44","modified_gmt":"2016-09-26T14:18:44","slug":"cama-estilo-frances-luis-xv-de-2-plazas-2","status":"publish","type":"post","link":"https:\/\/www.elkindeco.com\/?p=27859","title":{"rendered":"Cama Estilo Frances Luis Xv De 2 Plazas"},"content":{"rendered":"<p><img loading=\"lazy\" decoding=\"async\" class=\"alignnone size-full wp-image-27861\" src=\"http:\/\/www.elkindeco.com\/web\/wp-content\/uploads\/2016\/09\/7190-8194.jpg\" alt=\"7190-8194\" width=\"720\" height=\"480\" srcset=\"https:\/\/www.elkindeco.com\/web\/wp-content\/uploads\/2016\/09\/7190-8194.jpg 720w, https:\/\/www.elkindeco.com\/web\/wp-content\/uploads\/2016\/09\/7190-8194-196x131.jpg 196w\" sizes=\"auto, (max-width: 720px) 100vw, 720px\" \/> <img loading=\"lazy\" decoding=\"async\" class=\"alignnone size-full wp-image-27862\" src=\"http:\/\/www.elkindeco.com\/web\/wp-content\/uploads\/2016\/09\/7190-8194_1.jpg\" alt=\"7190-8194_1\" width=\"720\" height=\"480\" srcset=\"https:\/\/www.elkindeco.com\/web\/wp-content\/uploads\/2016\/09\/7190-8194_1.jpg 720w, https:\/\/www.elkindeco.com\/web\/wp-content\/uploads\/2016\/09\/7190-8194_1-196x131.jpg 196w\" sizes=\"auto, (max-width: 720px) 100vw, 720px\" \/> <img loading=\"lazy\" decoding=\"async\" class=\"alignnone size-full wp-image-27863\" src=\"http:\/\/www.elkindeco.com\/web\/wp-content\/uploads\/2016\/09\/7190-8194_2.jpg\" alt=\"7190-8194_2\" width=\"720\" height=\"480\" srcset=\"https:\/\/www.elkindeco.com\/web\/wp-content\/uploads\/2016\/09\/7190-8194_2.jpg 720w, https:\/\/www.elkindeco.com\/web\/wp-content\/uploads\/2016\/09\/7190-8194_2-196x131.jpg 196w\" sizes=\"auto, (max-width: 720px) 100vw, 720px\" \/><\/p>\n<p>&nbsp;<\/p>\n<table border=\"0\" width=\"600\" cellspacing=\"4\" cellpadding=\"4\" bgcolor=\"#a9c5b7\">\n<tbody>\n<tr>\n<td>Espectacular antigua cama estilo franc\u00e9s Luis XV de 2 plazas<\/p>\n<p align=\"justify\">De calidad excepcional, es ideal para embellecer de forma \u00fanica su dormitorio<\/p>\n<p align=\"justify\">Se entrega sin la parrilla de madera<\/p>\n<p align=\"justify\">TAMBI\u00c9N PATINAMOS! Consulte por todo tipo de p\u00e1tinas (blanco, negro, hueso, decap\u00e9, etc)<\/p>\n<\/td>\n<\/tr>\n<\/tbody>\n<\/table>\n<p>&nbsp;<\/p>\n<table border=\"0\" cellspacing=\"4\" cellpadding=\"4\" bgcolor=\"#dfe9a0\">\n<tbody>\n<tr>\n<td width=\"120\"><b>MEDIDAS<\/b><\/td>\n<td><\/td>\n<\/tr>\n<tr>\n<td width=\"120\">ALTO<\/td>\n<td>116cm<\/td>\n<\/tr>\n<tr>\n<td width=\"120\">ANCHO<\/td>\n<td>153cm<\/td>\n<\/tr>\n<tr>\n<td width=\"120\">PROFUNDIDAD<\/td>\n<td>140cm<\/td>\n<\/tr>\n<\/tbody>\n<\/table>\n<p>&nbsp;<\/p>\n<table border=\"0\" width=\"280\" cellspacing=\"4\" cellpadding=\"4\" bgcolor=\"#c7d69d\">\n<tbody>\n<tr>\n<td width=\"90\"><b>C\u00d3DIGO:<\/b><\/td>\n<td>7190-8194<\/td>\n<\/tr>\n<\/tbody>\n<\/table>\n<p>&nbsp;<\/p>\n<p>&nbsp;<\/p>\n","protected":false},"excerpt":{"rendered":"<p>&nbsp; Espectacular antigua cama estilo franc\u00e9s Luis XV de 2 plazas De calidad excepcional, es ideal para embellecer de forma \u00fanica su dormitorio Se entrega sin la parrilla de madera TAMBI\u00c9N PATINAMOS! Consulte por todo tipo de p\u00e1tinas (blanco, negro, hueso, decap\u00e9, etc) &nbsp; MEDIDAS ALTO 116cm ANCHO 153cm PROFUNDIDAD 140cm &nbsp; C\u00d3DIGO: 7190-8194 &nbsp; [&hellip;]<\/p>\n","protected":false},"author":1,"featured_media":27861,"comment_status":"open","ping_status":"open","sticky":false,"template":"","format":"standard","meta":{"footnotes":""},"categories":[6],"tags":[],"class_list":["post-27859","post","type-post","status-publish","format-standard","has-post-thumbnail","hentry","category-camas"],"_links":{"self":[{"href":"https:\/\/www.elkindeco.com\/index.php?rest_route=\/wp\/v2\/posts\/27859","targetHints":{"allow":["GET"]}}],"collection":[{"href":"https:\/\/www.elkindeco.com\/index.php?rest_route=\/wp\/v2\/posts"}],"about":[{"href":"https:\/\/www.elkindeco.com\/index.php?rest_route=\/wp\/v2\/types\/post"}],"author":[{"embeddable":true,"href":"https:\/\/www.elkindeco.com\/index.php?rest_route=\/wp\/v2\/users\/1"}],"replies":[{"embeddable":true,"href":"https:\/\/www.elkindeco.com\/index.php?rest_route=%2Fwp%2Fv2%2Fcomments&post=27859"}],"version-history":[{"count":0,"href":"https:\/\/www.elkindeco.com\/index.php?rest_route=\/wp\/v2\/posts\/27859\/revisions"}],"wp:featuredmedia":[{"embeddable":true,"href":"https:\/\/www.elkindeco.com\/index.php?rest_route=\/wp\/v2\/media\/27861"}],"wp:attachment":[{"href":"https:\/\/www.elkindeco.com\/index.php?rest_route=%2Fwp%2Fv2%2Fmedia&parent=27859"}],"wp:term":[{"taxonomy":"category","embeddable":true,"href":"https:\/\/www.elkindeco.com\/index.php?rest_route=%2Fwp%2Fv2%2Fcategories&post=27859"},{"taxonomy":"post_tag","embeddable":true,"href":"https:\/\/www.elkindeco.com\/index.php?rest_route=%2Fwp%2Fv2%2Ftags&post=27859"}],"curies":[{"name":"wp","href":"https:\/\/api.w.org\/{rel}","templated":true}]}}