{"id":32532,"date":"2019-07-20T10:54:31","date_gmt":"2019-07-20T13:54:31","guid":{"rendered":"http:\/\/www.elkindeco.com\/?p=32532"},"modified":"2019-07-20T10:54:31","modified_gmt":"2019-07-20T13:54:31","slug":"par-de-sillones-estilo-frances-luis-xvi-medallon-13","status":"publish","type":"post","link":"https:\/\/www.elkindeco.com\/?p=32532","title":{"rendered":"Par De Sillones Estilo Frances Luis Xvi Medallon"},"content":{"rendered":"<p><img loading=\"lazy\" decoding=\"async\" class=\"alignnone size-full wp-image-32533\" src=\"http:\/\/www.elkindeco.com\/web\/wp-content\/uploads\/2019\/07\/8142-6027B.jpg\" alt=\"\" width=\"720\" height=\"480\" srcset=\"https:\/\/www.elkindeco.com\/web\/wp-content\/uploads\/2019\/07\/8142-6027B.jpg 720w, https:\/\/www.elkindeco.com\/web\/wp-content\/uploads\/2019\/07\/8142-6027B-196x131.jpg 196w\" sizes=\"auto, (max-width: 720px) 100vw, 720px\" \/> <img loading=\"lazy\" decoding=\"async\" class=\"alignnone size-full wp-image-32534\" src=\"http:\/\/www.elkindeco.com\/web\/wp-content\/uploads\/2019\/07\/8142-6027B_1.jpg\" alt=\"\" width=\"720\" height=\"480\" srcset=\"https:\/\/www.elkindeco.com\/web\/wp-content\/uploads\/2019\/07\/8142-6027B_1.jpg 720w, https:\/\/www.elkindeco.com\/web\/wp-content\/uploads\/2019\/07\/8142-6027B_1-196x131.jpg 196w\" sizes=\"auto, (max-width: 720px) 100vw, 720px\" \/> <img loading=\"lazy\" decoding=\"async\" class=\"alignnone size-full wp-image-32535\" src=\"http:\/\/www.elkindeco.com\/web\/wp-content\/uploads\/2019\/07\/8142-6027B_2.jpg\" alt=\"\" width=\"720\" height=\"480\" srcset=\"https:\/\/www.elkindeco.com\/web\/wp-content\/uploads\/2019\/07\/8142-6027B_2.jpg 720w, https:\/\/www.elkindeco.com\/web\/wp-content\/uploads\/2019\/07\/8142-6027B_2-196x131.jpg 196w\" sizes=\"auto, (max-width: 720px) 100vw, 720px\" \/><\/p>\n<p>&nbsp;<\/p>\n<p>Par de sillones estilo franc\u00e9s Luis XVI medall\u00f3n<br \/>\nDe calidad excepcional, son ideales para embellecer de forma \u00fanica living, sala o comedor<br \/>\nEl tapizado es usado \u2013 consultar por retapizado, precios convenientes \u2013<\/p>\n<p>MEDIDAS: ALTO 100cm \/ ANCHO 60cm \/ PROFUNDIDAD 55cm<\/p>\n<p>C\u00d3DIGO: 8142-6027B<\/p>\n","protected":false},"excerpt":{"rendered":"<p>&nbsp; Par de sillones estilo franc\u00e9s Luis XVI medall\u00f3n De calidad excepcional, son ideales para embellecer de forma \u00fanica living, sala o comedor El tapizado es usado \u2013 consultar por retapizado, precios convenientes \u2013 MEDIDAS: ALTO 100cm \/ ANCHO 60cm \/ PROFUNDIDAD 55cm C\u00d3DIGO: 8142-6027B<\/p>\n","protected":false},"author":1,"featured_media":32533,"comment_status":"open","ping_status":"open","sticky":false,"template":"","format":"standard","meta":{"footnotes":""},"categories":[3],"tags":[],"class_list":["post-32532","post","type-post","status-publish","format-standard","has-post-thumbnail","hentry","category-sillones"],"_links":{"self":[{"href":"https:\/\/www.elkindeco.com\/index.php?rest_route=\/wp\/v2\/posts\/32532","targetHints":{"allow":["GET"]}}],"collection":[{"href":"https:\/\/www.elkindeco.com\/index.php?rest_route=\/wp\/v2\/posts"}],"about":[{"href":"https:\/\/www.elkindeco.com\/index.php?rest_route=\/wp\/v2\/types\/post"}],"author":[{"embeddable":true,"href":"https:\/\/www.elkindeco.com\/index.php?rest_route=\/wp\/v2\/users\/1"}],"replies":[{"embeddable":true,"href":"https:\/\/www.elkindeco.com\/index.php?rest_route=%2Fwp%2Fv2%2Fcomments&post=32532"}],"version-history":[{"count":1,"href":"https:\/\/www.elkindeco.com\/index.php?rest_route=\/wp\/v2\/posts\/32532\/revisions"}],"predecessor-version":[{"id":32536,"href":"https:\/\/www.elkindeco.com\/index.php?rest_route=\/wp\/v2\/posts\/32532\/revisions\/32536"}],"wp:featuredmedia":[{"embeddable":true,"href":"https:\/\/www.elkindeco.com\/index.php?rest_route=\/wp\/v2\/media\/32533"}],"wp:attachment":[{"href":"https:\/\/www.elkindeco.com\/index.php?rest_route=%2Fwp%2Fv2%2Fmedia&parent=32532"}],"wp:term":[{"taxonomy":"category","embeddable":true,"href":"https:\/\/www.elkindeco.com\/index.php?rest_route=%2Fwp%2Fv2%2Fcategories&post=32532"},{"taxonomy":"post_tag","embeddable":true,"href":"https:\/\/www.elkindeco.com\/index.php?rest_route=%2Fwp%2Fv2%2Ftags&post=32532"}],"curies":[{"name":"wp","href":"https:\/\/api.w.org\/{rel}","templated":true}]}}