{"id":32606,"date":"2019-07-30T12:29:00","date_gmt":"2019-07-30T15:29:00","guid":{"rendered":"http:\/\/www.elkindeco.com\/?p=32606"},"modified":"2019-07-30T12:29:00","modified_gmt":"2019-07-30T15:29:00","slug":"comoda-estilo-frances-luis-xvi-de-4-cajones-con-marmol","status":"publish","type":"post","link":"https:\/\/www.elkindeco.com\/?p=32606","title":{"rendered":"Comoda Estilo Franc\u00e9s Luis XVI De 4 Cajones con m\u00e1rmol"},"content":{"rendered":"<p><img loading=\"lazy\" decoding=\"async\" class=\"alignnone size-full wp-image-32607\" src=\"http:\/\/www.elkindeco.com\/web\/wp-content\/uploads\/2019\/07\/7224-8303A-1.jpg\" alt=\"\" width=\"720\" height=\"480\" srcset=\"https:\/\/www.elkindeco.com\/web\/wp-content\/uploads\/2019\/07\/7224-8303A-1.jpg 720w, https:\/\/www.elkindeco.com\/web\/wp-content\/uploads\/2019\/07\/7224-8303A-1-196x131.jpg 196w\" sizes=\"auto, (max-width: 720px) 100vw, 720px\" \/> <img loading=\"lazy\" decoding=\"async\" class=\"alignnone size-full wp-image-32608\" src=\"http:\/\/www.elkindeco.com\/web\/wp-content\/uploads\/2019\/07\/7224-8303A_1.jpg\" alt=\"\" width=\"479\" height=\"720\" srcset=\"https:\/\/www.elkindeco.com\/web\/wp-content\/uploads\/2019\/07\/7224-8303A_1.jpg 479w, https:\/\/www.elkindeco.com\/web\/wp-content\/uploads\/2019\/07\/7224-8303A_1-319x480.jpg 319w, https:\/\/www.elkindeco.com\/web\/wp-content\/uploads\/2019\/07\/7224-8303A_1-87x131.jpg 87w\" sizes=\"auto, (max-width: 479px) 100vw, 479px\" \/> <img loading=\"lazy\" decoding=\"async\" class=\"alignnone size-full wp-image-32609\" src=\"http:\/\/www.elkindeco.com\/web\/wp-content\/uploads\/2019\/07\/7224-8303A_2.jpg\" alt=\"\" width=\"720\" height=\"480\" srcset=\"https:\/\/www.elkindeco.com\/web\/wp-content\/uploads\/2019\/07\/7224-8303A_2.jpg 720w, https:\/\/www.elkindeco.com\/web\/wp-content\/uploads\/2019\/07\/7224-8303A_2-196x131.jpg 196w\" sizes=\"auto, (max-width: 720px) 100vw, 720px\" \/><\/p>\n<p>&nbsp;<\/p>\n<p>C\u00f3moda estilo Franc\u00e9s Luis XVI de 4 cajones con tapa de m\u00e1rmol<br \/>\nEs ideal para embellecer de forma \u00fanica o dormitorio, sala o estudio<br \/>\nConsultar por el lavado de la pieza<\/p>\n<p>MEDIDAS: ALTO 75cm \/ ANCHO 102cm \/ PROFUNDIDAD 49cm<\/p>\n<p>C\u00d3DIGO: 7224-8303A<\/p>\n<p>&nbsp;<\/p>\n<p>&nbsp;<\/p>\n","protected":false},"excerpt":{"rendered":"<p>&nbsp; C\u00f3moda estilo Franc\u00e9s Luis XVI de 4 cajones con tapa de m\u00e1rmol Es ideal para embellecer de forma \u00fanica o dormitorio, sala o estudio Consultar por el lavado de la pieza MEDIDAS: ALTO 75cm \/ ANCHO 102cm \/ PROFUNDIDAD 49cm C\u00d3DIGO: 7224-8303A &nbsp; &nbsp;<\/p>\n","protected":false},"author":1,"featured_media":32607,"comment_status":"open","ping_status":"open","sticky":false,"template":"","format":"standard","meta":{"footnotes":""},"categories":[8],"tags":[],"class_list":["post-32606","post","type-post","status-publish","format-standard","has-post-thumbnail","hentry","category-comodas"],"_links":{"self":[{"href":"https:\/\/www.elkindeco.com\/index.php?rest_route=\/wp\/v2\/posts\/32606","targetHints":{"allow":["GET"]}}],"collection":[{"href":"https:\/\/www.elkindeco.com\/index.php?rest_route=\/wp\/v2\/posts"}],"about":[{"href":"https:\/\/www.elkindeco.com\/index.php?rest_route=\/wp\/v2\/types\/post"}],"author":[{"embeddable":true,"href":"https:\/\/www.elkindeco.com\/index.php?rest_route=\/wp\/v2\/users\/1"}],"replies":[{"embeddable":true,"href":"https:\/\/www.elkindeco.com\/index.php?rest_route=%2Fwp%2Fv2%2Fcomments&post=32606"}],"version-history":[{"count":1,"href":"https:\/\/www.elkindeco.com\/index.php?rest_route=\/wp\/v2\/posts\/32606\/revisions"}],"predecessor-version":[{"id":32610,"href":"https:\/\/www.elkindeco.com\/index.php?rest_route=\/wp\/v2\/posts\/32606\/revisions\/32610"}],"wp:featuredmedia":[{"embeddable":true,"href":"https:\/\/www.elkindeco.com\/index.php?rest_route=\/wp\/v2\/media\/32607"}],"wp:attachment":[{"href":"https:\/\/www.elkindeco.com\/index.php?rest_route=%2Fwp%2Fv2%2Fmedia&parent=32606"}],"wp:term":[{"taxonomy":"category","embeddable":true,"href":"https:\/\/www.elkindeco.com\/index.php?rest_route=%2Fwp%2Fv2%2Fcategories&post=32606"},{"taxonomy":"post_tag","embeddable":true,"href":"https:\/\/www.elkindeco.com\/index.php?rest_route=%2Fwp%2Fv2%2Ftags&post=32606"}],"curies":[{"name":"wp","href":"https:\/\/api.w.org\/{rel}","templated":true}]}}