{"id":34017,"date":"2020-06-23T16:31:45","date_gmt":"2020-06-23T19:31:45","guid":{"rendered":"http:\/\/www.elkindeco.com\/?p=34017"},"modified":"2020-09-28T12:52:09","modified_gmt":"2020-09-28T15:52:09","slug":"par-de-mesas-de-luz-estilo-frances-luis-xvi-tambor-el_kin","status":"publish","type":"post","link":"https:\/\/www.elkindeco.com\/?p=34017","title":{"rendered":"Par De Mesas De Luz Estilo Frances Luis Xvi Tambor | El_kin"},"content":{"rendered":"<p><img loading=\"lazy\" decoding=\"async\" class=\"alignnone size-full wp-image-34018\" src=\"http:\/\/www.elkindeco.com\/web\/wp-content\/uploads\/2020\/06\/8152-8208.jpg\" alt=\"\" width=\"750\" height=\"500\" srcset=\"https:\/\/www.elkindeco.com\/web\/wp-content\/uploads\/2020\/06\/8152-8208.jpg 750w, https:\/\/www.elkindeco.com\/web\/wp-content\/uploads\/2020\/06\/8152-8208-720x480.jpg 720w, https:\/\/www.elkindeco.com\/web\/wp-content\/uploads\/2020\/06\/8152-8208-196x131.jpg 196w\" sizes=\"auto, (max-width: 750px) 100vw, 750px\" \/> <img loading=\"lazy\" decoding=\"async\" class=\"alignnone size-full wp-image-34019\" src=\"http:\/\/www.elkindeco.com\/web\/wp-content\/uploads\/2020\/06\/8152-8208_1.jpg\" alt=\"\" width=\"750\" height=\"500\" srcset=\"https:\/\/www.elkindeco.com\/web\/wp-content\/uploads\/2020\/06\/8152-8208_1.jpg 750w, https:\/\/www.elkindeco.com\/web\/wp-content\/uploads\/2020\/06\/8152-8208_1-720x480.jpg 720w, https:\/\/www.elkindeco.com\/web\/wp-content\/uploads\/2020\/06\/8152-8208_1-196x131.jpg 196w\" sizes=\"auto, (max-width: 750px) 100vw, 750px\" \/><\/p>\n<p>&nbsp;<\/p>\n<p>-Par de mesas de luz estilo franc\u00e9s Luis XVI tipo tambor con tapa de m\u00e1rmol y baranda de bronce<br \/>\n-Son ideales para embellecer de forma \u00fanica su dormitorio, sala o living<\/p>\n<p>MEDIDAS: ALTO 107cm \/ ANCHO 52cm \/ PROFUNDIDAD 47cm<\/p>\n<p>C\u00d3DIGO: 8152-6208<\/p>\n","protected":false},"excerpt":{"rendered":"<p>&nbsp; -Par de mesas de luz estilo franc\u00e9s Luis XVI tipo tambor con tapa de m\u00e1rmol y baranda de bronce -Son ideales para embellecer de forma \u00fanica su dormitorio, sala o living MEDIDAS: ALTO 107cm \/ ANCHO 52cm \/ PROFUNDIDAD 47cm C\u00d3DIGO: 8152-6208<\/p>\n","protected":false},"author":1,"featured_media":34018,"comment_status":"open","ping_status":"open","sticky":false,"template":"","format":"standard","meta":{"footnotes":""},"categories":[25],"tags":[],"class_list":["post-34017","post","type-post","status-publish","format-standard","has-post-thumbnail","hentry","category-mesas-de-luz"],"_links":{"self":[{"href":"https:\/\/www.elkindeco.com\/index.php?rest_route=\/wp\/v2\/posts\/34017","targetHints":{"allow":["GET"]}}],"collection":[{"href":"https:\/\/www.elkindeco.com\/index.php?rest_route=\/wp\/v2\/posts"}],"about":[{"href":"https:\/\/www.elkindeco.com\/index.php?rest_route=\/wp\/v2\/types\/post"}],"author":[{"embeddable":true,"href":"https:\/\/www.elkindeco.com\/index.php?rest_route=\/wp\/v2\/users\/1"}],"replies":[{"embeddable":true,"href":"https:\/\/www.elkindeco.com\/index.php?rest_route=%2Fwp%2Fv2%2Fcomments&post=34017"}],"version-history":[{"count":2,"href":"https:\/\/www.elkindeco.com\/index.php?rest_route=\/wp\/v2\/posts\/34017\/revisions"}],"predecessor-version":[{"id":34634,"href":"https:\/\/www.elkindeco.com\/index.php?rest_route=\/wp\/v2\/posts\/34017\/revisions\/34634"}],"wp:featuredmedia":[{"embeddable":true,"href":"https:\/\/www.elkindeco.com\/index.php?rest_route=\/wp\/v2\/media\/34018"}],"wp:attachment":[{"href":"https:\/\/www.elkindeco.com\/index.php?rest_route=%2Fwp%2Fv2%2Fmedia&parent=34017"}],"wp:term":[{"taxonomy":"category","embeddable":true,"href":"https:\/\/www.elkindeco.com\/index.php?rest_route=%2Fwp%2Fv2%2Fcategories&post=34017"},{"taxonomy":"post_tag","embeddable":true,"href":"https:\/\/www.elkindeco.com\/index.php?rest_route=%2Fwp%2Fv2%2Ftags&post=34017"}],"curies":[{"name":"wp","href":"https:\/\/api.w.org\/{rel}","templated":true}]}}