{"id":34725,"date":"2020-10-08T16:04:58","date_gmt":"2020-10-08T19:04:58","guid":{"rendered":"http:\/\/www.elkindeco.com\/?p=34725"},"modified":"2020-10-08T16:04:58","modified_gmt":"2020-10-08T19:04:58","slug":"par-de-mesas-de-luz-estilo-frances-luis-xvi-marmol-74","status":"publish","type":"post","link":"https:\/\/www.elkindeco.com\/?p=34725","title":{"rendered":"Par De Mesas De Luz Estilo Frances Luis Xvi Marmol"},"content":{"rendered":"<p><img loading=\"lazy\" decoding=\"async\" class=\"alignnone size-full wp-image-34726\" src=\"http:\/\/www.elkindeco.com\/web\/wp-content\/uploads\/2020\/10\/8159-6305.jpg\" alt=\"\" width=\"750\" height=\"500\" srcset=\"https:\/\/www.elkindeco.com\/web\/wp-content\/uploads\/2020\/10\/8159-6305.jpg 750w, https:\/\/www.elkindeco.com\/web\/wp-content\/uploads\/2020\/10\/8159-6305-720x480.jpg 720w, https:\/\/www.elkindeco.com\/web\/wp-content\/uploads\/2020\/10\/8159-6305-196x131.jpg 196w\" sizes=\"auto, (max-width: 750px) 100vw, 750px\" \/> <img loading=\"lazy\" decoding=\"async\" class=\"alignnone size-full wp-image-34727\" src=\"http:\/\/www.elkindeco.com\/web\/wp-content\/uploads\/2020\/10\/8159-6305_1.jpg\" alt=\"\" width=\"750\" height=\"500\" srcset=\"https:\/\/www.elkindeco.com\/web\/wp-content\/uploads\/2020\/10\/8159-6305_1.jpg 750w, https:\/\/www.elkindeco.com\/web\/wp-content\/uploads\/2020\/10\/8159-6305_1-720x480.jpg 720w, https:\/\/www.elkindeco.com\/web\/wp-content\/uploads\/2020\/10\/8159-6305_1-196x131.jpg 196w\" sizes=\"auto, (max-width: 750px) 100vw, 750px\" \/> <img loading=\"lazy\" decoding=\"async\" class=\"alignnone size-full wp-image-34728\" src=\"http:\/\/www.elkindeco.com\/web\/wp-content\/uploads\/2020\/10\/8159-6305_2.jpg\" alt=\"\" width=\"500\" height=\"750\" srcset=\"https:\/\/www.elkindeco.com\/web\/wp-content\/uploads\/2020\/10\/8159-6305_2.jpg 500w, https:\/\/www.elkindeco.com\/web\/wp-content\/uploads\/2020\/10\/8159-6305_2-320x480.jpg 320w, https:\/\/www.elkindeco.com\/web\/wp-content\/uploads\/2020\/10\/8159-6305_2-87x131.jpg 87w\" sizes=\"auto, (max-width: 500px) 100vw, 500px\" \/> <img loading=\"lazy\" decoding=\"async\" class=\"alignnone size-full wp-image-34729\" src=\"http:\/\/www.elkindeco.com\/web\/wp-content\/uploads\/2020\/10\/8159-6305_3.jpg\" alt=\"\" width=\"750\" height=\"500\" srcset=\"https:\/\/www.elkindeco.com\/web\/wp-content\/uploads\/2020\/10\/8159-6305_3.jpg 750w, https:\/\/www.elkindeco.com\/web\/wp-content\/uploads\/2020\/10\/8159-6305_3-720x480.jpg 720w, https:\/\/www.elkindeco.com\/web\/wp-content\/uploads\/2020\/10\/8159-6305_3-196x131.jpg 196w\" sizes=\"auto, (max-width: 750px) 100vw, 750px\" \/><\/p>\n<p>&nbsp;<\/p>\n<p>-Par de mesas de luz estilo franc\u00e9s Luis XVI con tapa de m\u00e1rmol<br \/>\n-Son ideales para embellecer de forma \u00fanica su dormitorio<\/p>\n<p>MEDIDAS: ALTO 65cm \/ ANCHO 52cm \/ PROFUNDIDAD 30cm<\/p>\n<p>C\u00d3DIGO: 8159-6305<\/p>\n","protected":false},"excerpt":{"rendered":"<p>&nbsp; -Par de mesas de luz estilo franc\u00e9s Luis XVI con tapa de m\u00e1rmol -Son ideales para embellecer de forma \u00fanica su dormitorio MEDIDAS: ALTO 65cm \/ ANCHO 52cm \/ PROFUNDIDAD 30cm C\u00d3DIGO: 8159-6305<\/p>\n","protected":false},"author":1,"featured_media":34726,"comment_status":"open","ping_status":"open","sticky":false,"template":"","format":"standard","meta":{"footnotes":""},"categories":[25],"tags":[],"class_list":["post-34725","post","type-post","status-publish","format-standard","has-post-thumbnail","hentry","category-mesas-de-luz"],"_links":{"self":[{"href":"https:\/\/www.elkindeco.com\/index.php?rest_route=\/wp\/v2\/posts\/34725","targetHints":{"allow":["GET"]}}],"collection":[{"href":"https:\/\/www.elkindeco.com\/index.php?rest_route=\/wp\/v2\/posts"}],"about":[{"href":"https:\/\/www.elkindeco.com\/index.php?rest_route=\/wp\/v2\/types\/post"}],"author":[{"embeddable":true,"href":"https:\/\/www.elkindeco.com\/index.php?rest_route=\/wp\/v2\/users\/1"}],"replies":[{"embeddable":true,"href":"https:\/\/www.elkindeco.com\/index.php?rest_route=%2Fwp%2Fv2%2Fcomments&post=34725"}],"version-history":[{"count":1,"href":"https:\/\/www.elkindeco.com\/index.php?rest_route=\/wp\/v2\/posts\/34725\/revisions"}],"predecessor-version":[{"id":34730,"href":"https:\/\/www.elkindeco.com\/index.php?rest_route=\/wp\/v2\/posts\/34725\/revisions\/34730"}],"wp:featuredmedia":[{"embeddable":true,"href":"https:\/\/www.elkindeco.com\/index.php?rest_route=\/wp\/v2\/media\/34726"}],"wp:attachment":[{"href":"https:\/\/www.elkindeco.com\/index.php?rest_route=%2Fwp%2Fv2%2Fmedia&parent=34725"}],"wp:term":[{"taxonomy":"category","embeddable":true,"href":"https:\/\/www.elkindeco.com\/index.php?rest_route=%2Fwp%2Fv2%2Fcategories&post=34725"},{"taxonomy":"post_tag","embeddable":true,"href":"https:\/\/www.elkindeco.com\/index.php?rest_route=%2Fwp%2Fv2%2Ftags&post=34725"}],"curies":[{"name":"wp","href":"https:\/\/api.w.org\/{rel}","templated":true}]}}