{"id":35620,"date":"2022-01-10T15:48:35","date_gmt":"2022-01-10T18:48:35","guid":{"rendered":"http:\/\/www.elkindeco.com\/?p=35620"},"modified":"2022-01-10T15:48:35","modified_gmt":"2022-01-10T18:48:35","slug":"par-de-mesas-de-luz-estilo-frances-luis-xvi-marmol-77","status":"publish","type":"post","link":"https:\/\/www.elkindeco.com\/?p=35620","title":{"rendered":"Par De Mesas De Luz Estilo Frances Luis Xvi Marmol"},"content":{"rendered":"<p><img loading=\"lazy\" decoding=\"async\" class=\"alignnone size-full wp-image-35621\" src=\"http:\/\/www.elkindeco.com\/web\/wp-content\/uploads\/2022\/01\/8172-6829.jpg\" alt=\"\" width=\"750\" height=\"500\" srcset=\"https:\/\/www.elkindeco.com\/web\/wp-content\/uploads\/2022\/01\/8172-6829.jpg 750w, https:\/\/www.elkindeco.com\/web\/wp-content\/uploads\/2022\/01\/8172-6829-720x480.jpg 720w, https:\/\/www.elkindeco.com\/web\/wp-content\/uploads\/2022\/01\/8172-6829-196x131.jpg 196w\" sizes=\"auto, (max-width: 750px) 100vw, 750px\" \/> <img loading=\"lazy\" decoding=\"async\" class=\"alignnone size-full wp-image-35622\" src=\"http:\/\/www.elkindeco.com\/web\/wp-content\/uploads\/2022\/01\/8172-6829_1.jpg\" alt=\"\" width=\"750\" height=\"500\" srcset=\"https:\/\/www.elkindeco.com\/web\/wp-content\/uploads\/2022\/01\/8172-6829_1.jpg 750w, https:\/\/www.elkindeco.com\/web\/wp-content\/uploads\/2022\/01\/8172-6829_1-720x480.jpg 720w, https:\/\/www.elkindeco.com\/web\/wp-content\/uploads\/2022\/01\/8172-6829_1-196x131.jpg 196w\" sizes=\"auto, (max-width: 750px) 100vw, 750px\" \/> <img loading=\"lazy\" decoding=\"async\" class=\"alignnone size-full wp-image-35623\" src=\"http:\/\/www.elkindeco.com\/web\/wp-content\/uploads\/2022\/01\/8172-6829_2.jpg\" alt=\"\" width=\"750\" height=\"500\" srcset=\"https:\/\/www.elkindeco.com\/web\/wp-content\/uploads\/2022\/01\/8172-6829_2.jpg 750w, https:\/\/www.elkindeco.com\/web\/wp-content\/uploads\/2022\/01\/8172-6829_2-720x480.jpg 720w, https:\/\/www.elkindeco.com\/web\/wp-content\/uploads\/2022\/01\/8172-6829_2-196x131.jpg 196w\" sizes=\"auto, (max-width: 750px) 100vw, 750px\" \/> <img loading=\"lazy\" decoding=\"async\" class=\"alignnone size-full wp-image-35624\" src=\"http:\/\/www.elkindeco.com\/web\/wp-content\/uploads\/2022\/01\/8172-6829_3.jpg\" alt=\"\" width=\"750\" height=\"500\" srcset=\"https:\/\/www.elkindeco.com\/web\/wp-content\/uploads\/2022\/01\/8172-6829_3.jpg 750w, https:\/\/www.elkindeco.com\/web\/wp-content\/uploads\/2022\/01\/8172-6829_3-720x480.jpg 720w, https:\/\/www.elkindeco.com\/web\/wp-content\/uploads\/2022\/01\/8172-6829_3-196x131.jpg 196w\" sizes=\"auto, (max-width: 750px) 100vw, 750px\" \/><\/p>\n<p>&nbsp;<\/p>\n<p>&#8211; Par de mesas de luz estilo franc\u00e9s Luis XVI con tapa de m\u00e1rmol patinadas<br \/>\n&#8211; Son ideales para embellecer de forma \u00fanica su dormitorio<\/p>\n<p>MEDIDAS: ALTO 63cm \/ ANCHO 47cm \/ PROFUNDIDAD 32cm<\/p>\n<p>C\u00d3DIGO: 8172-6829<\/p>\n","protected":false},"excerpt":{"rendered":"<p>&nbsp; &#8211; Par de mesas de luz estilo franc\u00e9s Luis XVI con tapa de m\u00e1rmol patinadas &#8211; Son ideales para embellecer de forma \u00fanica su dormitorio MEDIDAS: ALTO 63cm \/ ANCHO 47cm \/ PROFUNDIDAD 32cm C\u00d3DIGO: 8172-6829<\/p>\n","protected":false},"author":1,"featured_media":35621,"comment_status":"open","ping_status":"open","sticky":false,"template":"","format":"standard","meta":{"footnotes":""},"categories":[25],"tags":[],"class_list":["post-35620","post","type-post","status-publish","format-standard","has-post-thumbnail","hentry","category-mesas-de-luz"],"_links":{"self":[{"href":"https:\/\/www.elkindeco.com\/index.php?rest_route=\/wp\/v2\/posts\/35620","targetHints":{"allow":["GET"]}}],"collection":[{"href":"https:\/\/www.elkindeco.com\/index.php?rest_route=\/wp\/v2\/posts"}],"about":[{"href":"https:\/\/www.elkindeco.com\/index.php?rest_route=\/wp\/v2\/types\/post"}],"author":[{"embeddable":true,"href":"https:\/\/www.elkindeco.com\/index.php?rest_route=\/wp\/v2\/users\/1"}],"replies":[{"embeddable":true,"href":"https:\/\/www.elkindeco.com\/index.php?rest_route=%2Fwp%2Fv2%2Fcomments&post=35620"}],"version-history":[{"count":1,"href":"https:\/\/www.elkindeco.com\/index.php?rest_route=\/wp\/v2\/posts\/35620\/revisions"}],"predecessor-version":[{"id":35625,"href":"https:\/\/www.elkindeco.com\/index.php?rest_route=\/wp\/v2\/posts\/35620\/revisions\/35625"}],"wp:featuredmedia":[{"embeddable":true,"href":"https:\/\/www.elkindeco.com\/index.php?rest_route=\/wp\/v2\/media\/35621"}],"wp:attachment":[{"href":"https:\/\/www.elkindeco.com\/index.php?rest_route=%2Fwp%2Fv2%2Fmedia&parent=35620"}],"wp:term":[{"taxonomy":"category","embeddable":true,"href":"https:\/\/www.elkindeco.com\/index.php?rest_route=%2Fwp%2Fv2%2Fcategories&post=35620"},{"taxonomy":"post_tag","embeddable":true,"href":"https:\/\/www.elkindeco.com\/index.php?rest_route=%2Fwp%2Fv2%2Ftags&post=35620"}],"curies":[{"name":"wp","href":"https:\/\/api.w.org\/{rel}","templated":true}]}}