{"id":9364,"date":"2011-10-26T20:03:04","date_gmt":"2011-10-26T23:03:04","guid":{"rendered":"http:\/\/www.elkindeco.com\/web\/mesas-de-luz\/mesa-de-luz-estilo-frances-luis-xvi-con-marmol-5"},"modified":"2011-10-26T20:03:04","modified_gmt":"2011-10-26T23:03:04","slug":"mesa-de-luz-estilo-frances-luis-xvi-con-marmol-5","status":"publish","type":"post","link":"https:\/\/www.elkindeco.com\/?p=9364","title":{"rendered":"Mesa De Luz Estilo Frances Luis Xvi Con Marmol"},"content":{"rendered":"<p><a href=\"http:\/\/www.elkindeco.com\/web\/wp-content\/uploads\/2011\/10\/7113-2645.jpg\"><img loading=\"lazy\" decoding=\"async\" style=\"background-image: none; border-bottom: 0px; border-left: 0px; padding-left: 0px; padding-right: 0px; display: inline; border-top: 0px; border-right: 0px; padding-top: 0px\" title=\"7113-2645\" border=\"0\" alt=\"7113-2645\" src=\"http:\/\/www.elkindeco.com\/web\/wp-content\/uploads\/2011\/10\/7113-2645_thumb.jpg\" width=\"643\" height=\"484\" \/><\/a><\/p>\n<p><a href=\"http:\/\/www.elkindeco.com\/web\/wp-content\/uploads\/2011\/10\/7113-2645_1.jpg\"><img loading=\"lazy\" decoding=\"async\" style=\"background-image: none; border-bottom: 0px; border-left: 0px; padding-left: 0px; padding-right: 0px; display: inline; border-top: 0px; border-right: 0px; padding-top: 0px\" title=\"7113-2645_1\" border=\"0\" alt=\"7113-2645_1\" src=\"http:\/\/www.elkindeco.com\/web\/wp-content\/uploads\/2011\/10\/7113-2645_1_thumb.jpg\" width=\"364\" height=\"484\" \/><\/a><\/p>\n<table border=\"0\" cellspacing=\"4\" cellpadding=\"4\" width=\"600\" bgcolor=\"#a9c5b7\">\n<tbody>\n<tr>\n<td>\n<p align=\"justify\"><font size=\"5\">Espectacular mesa de luz estilo franc\u00e9s Luis XVI con tapa de m\u00e1rmol <\/font><\/p>\n<p align=\"justify\"><font size=\"5\">Es ideal para embellecer de forma \u00fanica su dormitorio<\/font><\/p>\n<p align=\"justify\"><font size=\"5\">Como se ve en las fotografias le falta un herraje<\/font><\/p>\n<\/td>\n<\/tr>\n<\/tbody>\n<\/table>\n<table border=\"0\" bordercolorlight=\"#ffffff\" bordercolordark=\"#ffffff\" cellpadding=\"2\" width=\"1\" bgcolor=\"#ffffff\">\n<tbody>\n<tr>\n<td>&nbsp;<\/td>\n<\/tr>\n<\/tbody>\n<\/table>\n<table border=\"0\" cellspacing=\"3\" cellpadding=\"3\" width=\"240\" bgcolor=\"#dfe9a0\">\n<tbody>\n<tr>\n<td><font size=\"4\"><b>MEDIDAS<\/b><\/font><\/td>\n<\/tr>\n<tr>\n<td>\n<table border=\"0\" cellspacing=\"0\" cellpadding=\"0\" width=\"100%\">\n<tbody>\n<tr>\n<td width=\"152\"><font size=\"4\">ALTO<\/font><\/td>\n<td width=\"76\"><font size=\"4\">0.64m<\/font><\/td>\n<\/tr>\n<tr>\n<td><font size=\"4\">ANCHO<\/font><\/td>\n<td><font size=\"4\">0.51m<\/font><\/td>\n<\/tr>\n<tr>\n<td><font size=\"4\">PROFUNDIDAD<\/font><\/td>\n<td><font size=\"4\">0.36m<\/font><\/td>\n<\/tr>\n<\/tbody>\n<\/table>\n<\/td>\n<\/tr>\n<\/tbody>\n<\/table>\n<table border=\"0\" bordercolorlight=\"#ffffff\" bordercolordark=\"#ffffff\" cellpadding=\"2\" width=\"1\" bgcolor=\"#ffffff\">\n<tbody>\n<tr>\n<td>&#160;<\/td>\n<\/tr>\n<\/tbody>\n<\/table>\n<table border=\"0\" cellspacing=\"1\" width=\"124\" bgcolor=\"#c7d69d\">\n<tbody>\n<tr>\n<td width=\"120\"><b><font size=\"2\">C\u00d3DIGO: 7113-2645<\/font><\/b><\/td>\n<\/tr>\n<\/tbody>\n<\/table>\n","protected":false},"excerpt":{"rendered":"<p>Espectacular mesa de luz estilo franc\u00e9s Luis XVI con tapa de m\u00e1rmol Es ideal para embellecer de forma \u00fanica su dormitorio Como se ve en las fotografias le falta un herraje &nbsp; MEDIDAS ALTO 0.64m ANCHO 0.51m PROFUNDIDAD 0.36m &#160; C\u00d3DIGO: 7113-2645<\/p>\n","protected":false},"author":1,"featured_media":9360,"comment_status":"open","ping_status":"open","sticky":false,"template":"","format":"standard","meta":{"footnotes":""},"categories":[25],"tags":[],"class_list":["post-9364","post","type-post","status-publish","format-standard","has-post-thumbnail","hentry","category-mesas-de-luz"],"_links":{"self":[{"href":"https:\/\/www.elkindeco.com\/index.php?rest_route=\/wp\/v2\/posts\/9364","targetHints":{"allow":["GET"]}}],"collection":[{"href":"https:\/\/www.elkindeco.com\/index.php?rest_route=\/wp\/v2\/posts"}],"about":[{"href":"https:\/\/www.elkindeco.com\/index.php?rest_route=\/wp\/v2\/types\/post"}],"author":[{"embeddable":true,"href":"https:\/\/www.elkindeco.com\/index.php?rest_route=\/wp\/v2\/users\/1"}],"replies":[{"embeddable":true,"href":"https:\/\/www.elkindeco.com\/index.php?rest_route=%2Fwp%2Fv2%2Fcomments&post=9364"}],"version-history":[{"count":0,"href":"https:\/\/www.elkindeco.com\/index.php?rest_route=\/wp\/v2\/posts\/9364\/revisions"}],"wp:featuredmedia":[{"embeddable":true,"href":"https:\/\/www.elkindeco.com\/index.php?rest_route=\/wp\/v2\/media\/9360"}],"wp:attachment":[{"href":"https:\/\/www.elkindeco.com\/index.php?rest_route=%2Fwp%2Fv2%2Fmedia&parent=9364"}],"wp:term":[{"taxonomy":"category","embeddable":true,"href":"https:\/\/www.elkindeco.com\/index.php?rest_route=%2Fwp%2Fv2%2Fcategories&post=9364"},{"taxonomy":"post_tag","embeddable":true,"href":"https:\/\/www.elkindeco.com\/index.php?rest_route=%2Fwp%2Fv2%2Ftags&post=9364"}],"curies":[{"name":"wp","href":"https:\/\/api.w.org\/{rel}","templated":true}]}}